{"id":5387,"date":"2024-02-29T11:00:02","date_gmt":"2024-02-29T09:00:02","guid":{"rendered":"https:\/\/szentistvan.dnyem.hu\/?p=5387"},"modified":"2024-02-29T11:06:06","modified_gmt":"2024-02-29T09:06:06","slug":"nagybojti-gondolatok","status":"publish","type":"post","link":"https:\/\/szentistvan.dnyem.hu\/?p=5387","title":{"rendered":"Nagyb\u00f6jti gondolatok"},"content":{"rendered":"\n<p>Eg\u00e9sz \u00e9let\u00fcnknek olyannak kellene lennie, mintha \u00e1lland\u00f3an nagyb\u00f6jti fegyelem alatt \u00e9ln\u00e9nk. Mivel azonban ehhez csak kev\u00e9s l\u00e9lekben van meg az er\u0151, az\u00e9rt azt aj\u00e1nljuk, hogy legal\u00e1bb a nagyb\u00f6jt napjaiban \u0151rizz\u00fck meg \u00e9let\u00fcnket teljes tisztas\u00e1gban. Egyszersmind a t\u00f6bbi id\u0151k hanyags\u00e1gait is iparkodjunk j\u00f3v\u00e1tenni ezekben a szent napokban. Ez pedig \u00fagy t\u00f6rt\u00e9nik m\u00e9lt\u00f3 m\u00f3don, ha<br><strong>minden b\u0171nt\u0151l tart\u00f3zkodunk, ha<br>k\u00f6nnyhullat\u00e1s k\u00f6zt im\u00e1dkozunk, ha<br>szent k\u00f6nyveket olvasunk, ha<br>a sz\u00edvb\u00e9li t\u00f6redelmet gyakoroljuk, s ha<br>\u00f6nmegtagad\u00e1sra t\u00f6reksz\u00fcnk.<\/strong><br>Ezekben a napokban teh\u00e1t adjunk hozz\u00e1 valamit szolg\u00e1latunk megszokott m\u00e9rt\u00e9k\u00e9hez: p\u00e9ld\u00e1ul k\u00fcl\u00f6n im\u00e1ds\u00e1got, \u00e9telt\u0151l \u00e9s italt\u00f3l val\u00f3 \u00f6nmegtart\u00f3ztat\u00e1st. Ki-ki a re\u00e1szabott m\u00e9rt\u00e9ken fel\u00fcl aj\u00e1nljon fel valamit saj\u00e1t akarat\u00e1b\u00f3l Istennek a Szentl\u00e9lek \u00f6r\u00f6m\u00e9vel. Vonjon meg valamit test\u00e9t\u0151l \u00e9telben \u00e9s italban, vonjon meg valamit alv\u00e1sban vagy besz\u00e9dben \u00e9s \u00fcres tr\u00e9f\u00e1kban, s \u00edgy a lelki v\u00e1gy\u00f3d\u00e1s \u00f6r\u00f6m\u00e9vel v\u00e1rja a szent H\u00fasv\u00e9tot.<\/p>\n\n\n\n<p><em>Szent Benedek regul\u00e1j\u00e1b\u00f3l.<\/em><\/p>\n\n\n\n<p>(forr\u00e1s: <a href=\"https:\/\/nepenektar.hu\/idoszak\/nagybojt\/liturgia\/37\/medit\/512\/intes-a-nagybojt-megtartasara-szent-benedek\" target=\"_blank\" rel=\"noreferrer noopener\">https:\/\/nepenektar.hu\/idoszak\/nagybojt\/liturgia\/37\/medit\/512\/intes-a-nagybojt-megtartasara-szent-benedek<\/a>)<\/p>\n\n\n\n<figure class=\"wp-block-pullquote\"><blockquote><p>Aj\u00e1nljuk magunkat Istennek sok t\u00fcrelemmel, sok b\u00f6jt\u00f6l\u00e9sben, az igazs\u00e1g fegyverzete \u00e1ltal!<\/p><\/blockquote><\/figure>\n\n\n\n<p><\/p>\n","protected":false},"excerpt":{"rendered":"<p>Eg\u00e9sz \u00e9let\u00fcnknek olyannak kellene lennie, mintha \u00e1lland\u00f3an nagyb\u00f6jti fegyelem alatt \u00e9ln\u00e9nk. Mivel azonban ehhez csak kev\u00e9s l\u00e9lekben van meg az er\u0151, az\u00e9rt azt aj\u00e1nljuk, hogy&#8230;<\/p>\n","protected":false},"author":2,"featured_media":0,"comment_status":"closed","ping_status":"open","sticky":false,"template":"","format":"standard","meta":[],"categories":[11,9],"tags":[],"_links":{"self":[{"href":"https:\/\/szentistvan.dnyem.hu\/index.php?rest_route=\/wp\/v2\/posts\/5387"}],"collection":[{"href":"https:\/\/szentistvan.dnyem.hu\/index.php?rest_route=\/wp\/v2\/posts"}],"about":[{"href":"https:\/\/szentistvan.dnyem.hu\/index.php?rest_route=\/wp\/v2\/types\/post"}],"author":[{"embeddable":true,"href":"https:\/\/szentistvan.dnyem.hu\/index.php?rest_route=\/wp\/v2\/users\/2"}],"replies":[{"embeddable":true,"href":"https:\/\/szentistvan.dnyem.hu\/index.php?rest_route=%2Fwp%2Fv2%2Fcomments&post=5387"}],"version-history":[{"count":3,"href":"https:\/\/szentistvan.dnyem.hu\/index.php?rest_route=\/wp\/v2\/posts\/5387\/revisions"}],"predecessor-version":[{"id":5392,"href":"https:\/\/szentistvan.dnyem.hu\/index.php?rest_route=\/wp\/v2\/posts\/5387\/revisions\/5392"}],"wp:attachment":[{"href":"https:\/\/szentistvan.dnyem.hu\/index.php?rest_route=%2Fwp%2Fv2%2Fmedia&parent=5387"}],"wp:term":[{"taxonomy":"category","embeddable":true,"href":"https:\/\/szentistvan.dnyem.hu\/index.php?rest_route=%2Fwp%2Fv2%2Fcategories&post=5387"},{"taxonomy":"post_tag","embeddable":true,"href":"https:\/\/szentistvan.dnyem.hu\/index.php?rest_route=%2Fwp%2Fv2%2Ftags&post=5387"}],"curies":[{"name":"wp","href":"https:\/\/api.w.org\/{rel}","templated":true}]}}