{"id":5306,"date":"2024-01-22T07:00:31","date_gmt":"2024-01-22T05:00:31","guid":{"rendered":"https:\/\/szentistvan.dnyem.hu\/?p=5306"},"modified":"2024-02-18T16:48:09","modified_gmt":"2024-02-18T14:48:09","slug":"gyujtes-6","status":"publish","type":"post","link":"https:\/\/szentistvan.dnyem.hu\/?p=5306","title":{"rendered":"Gy\u0171jt\u00e9s"},"content":{"rendered":"\n<p><strong>Gy\u0171jt\u00e9st hirdett\u00fcnk a templom \u00faj olt\u00e1rter\u00edt\u0151ire. M\u00e1r mind a h\u00e1rom garnit\u00fara \u00e1ra \u00f6sszegy\u0171lt. Isten \u00e1ldja meg a b\u0151s\u00e9gesen adakoz\u00f3 testv\u00e9reinket, ami\u00e9rt ezt az \u00e1ldozatot hozt\u00e1k a templom\u00e9rt.<\/strong><\/p>\n\n\n\n<p><strong>Az adakoz\u00e1st viszont folytatjuk, hogy a felolvas\u00f3 \u00e1llv\u00e1nyra is ker\u00fclhessenek amb\u00f3ter\u00edt\u0151k, amelyek darabonk\u00e9nt 14.000 Ft-ba ker\u00fclnek. Ehhez k\u00e9rj\u00fck a kedves h\u00edvek nagylelk\u0171 felaj\u00e1nl\u00e1sait. <\/strong>\u00cdgy ebben az \u00e9vben a liturgikus text\u00edli\u00e1kat meg tudjuk majd \u00faj\u00edtani.<\/p>\n\n\n\n<p><strong>Febru\u00e1r 25-\u00e9n (vas\u00e1rnap) a katolikus iskol\u00e1k jav\u00e1ra gy\u0171jtj\u00fck a perselyadom\u00e1nyokat<\/strong>. \u00c9rezz\u00fck felel\u0151ss\u00e9g\u00fcnket a hitre nevel\u00e9sben fontos feladatot v\u00e1llal\u00f3 oktat\u00e1si int\u00e9zm\u00e9nyek t\u00e1mogat\u00e1sakor.<\/p>\n","protected":false},"excerpt":{"rendered":"<p>Gy\u0171jt\u00e9st hirdett\u00fcnk a templom \u00faj olt\u00e1rter\u00edt\u0151ire. M\u00e1r mind a h\u00e1rom garnit\u00fara \u00e1ra \u00f6sszegy\u0171lt. Isten \u00e1ldja meg a b\u0151s\u00e9gesen adakoz\u00f3 testv\u00e9reinket, ami\u00e9rt ezt az \u00e1ldozatot hozt\u00e1k&#8230;<\/p>\n","protected":false},"author":2,"featured_media":0,"comment_status":"closed","ping_status":"open","sticky":false,"template":"","format":"standard","meta":[],"categories":[1],"tags":[],"_links":{"self":[{"href":"https:\/\/szentistvan.dnyem.hu\/index.php?rest_route=\/wp\/v2\/posts\/5306"}],"collection":[{"href":"https:\/\/szentistvan.dnyem.hu\/index.php?rest_route=\/wp\/v2\/posts"}],"about":[{"href":"https:\/\/szentistvan.dnyem.hu\/index.php?rest_route=\/wp\/v2\/types\/post"}],"author":[{"embeddable":true,"href":"https:\/\/szentistvan.dnyem.hu\/index.php?rest_route=\/wp\/v2\/users\/2"}],"replies":[{"embeddable":true,"href":"https:\/\/szentistvan.dnyem.hu\/index.php?rest_route=%2Fwp%2Fv2%2Fcomments&post=5306"}],"version-history":[{"count":4,"href":"https:\/\/szentistvan.dnyem.hu\/index.php?rest_route=\/wp\/v2\/posts\/5306\/revisions"}],"predecessor-version":[{"id":5366,"href":"https:\/\/szentistvan.dnyem.hu\/index.php?rest_route=\/wp\/v2\/posts\/5306\/revisions\/5366"}],"wp:attachment":[{"href":"https:\/\/szentistvan.dnyem.hu\/index.php?rest_route=%2Fwp%2Fv2%2Fmedia&parent=5306"}],"wp:term":[{"taxonomy":"category","embeddable":true,"href":"https:\/\/szentistvan.dnyem.hu\/index.php?rest_route=%2Fwp%2Fv2%2Fcategories&post=5306"},{"taxonomy":"post_tag","embeddable":true,"href":"https:\/\/szentistvan.dnyem.hu\/index.php?rest_route=%2Fwp%2Fv2%2Ftags&post=5306"}],"curies":[{"name":"wp","href":"https:\/\/api.w.org\/{rel}","templated":true}]}}