{"id":5264,"date":"2023-12-31T01:32:25","date_gmt":"2023-12-30T23:32:25","guid":{"rendered":"https:\/\/szentistvan.dnyem.hu\/?p=5264"},"modified":"2023-12-31T01:32:25","modified_gmt":"2023-12-30T23:32:25","slug":"parancsolt-unnepek","status":"publish","type":"post","link":"https:\/\/szentistvan.dnyem.hu\/?p=5264","title":{"rendered":"Parancsolt \u00fcnnepek"},"content":{"rendered":"\n<p>Janu\u00e1r 1-j\u00e9n (h\u00e9tf\u0151n \u00fcnnepi miserendet tartunk (9:00 \u00f3rakor kezd\u0151dik a szentmise). Ez <a rel=\"noreferrer noopener\" href=\"https:\/\/lexikon.katolikus.hu\/P\/parancsolt%20%C3%BCnnep.html\" target=\"_blank\">parancsolt \u00fcnnep<\/a>, azaz a szentmis\u00e9n hal\u00e1los b\u0171n terhe mellett k\u00f6telesek vagyunk r\u00e9szt venni.<\/p>\n\n\n\n<p>Ugyancsak ez igaz V\u00edzkereszt \u00fcnnep\u00e9re (janu\u00e1r 6.), ami ebben az \u00e9vben szombatra esik. Az \u00fcnnepi mise 18 \u00f3rakor kezd\u0151dik. Ezen a szentmis\u00e9n is r\u00e9szt kell venni, elmulaszt\u00e1sa s\u00falyos b\u0171nnek sz\u00e1m\u00edt. Ebben a szentmis\u00e9be <a href=\"https:\/\/egyhazzene.hu\/wp-content\/uploads\/2018\/12\/vizaldas.pdf\" target=\"_blank\" rel=\"noreferrer noopener\">\u00e1ldjuk meg a vizet<\/a>, \u00e9s ebb\u0151l vihet\u00fcnk haza otthonainkba is.<\/p>\n","protected":false},"excerpt":{"rendered":"<p>Janu\u00e1r 1-j\u00e9n (h\u00e9tf\u0151n \u00fcnnepi miserendet tartunk (9:00 \u00f3rakor kezd\u0151dik a szentmise). Ez parancsolt \u00fcnnep, azaz a szentmis\u00e9n hal\u00e1los b\u0171n terhe mellett k\u00f6telesek vagyunk r\u00e9szt venni&#8230;.<\/p>\n","protected":false},"author":2,"featured_media":0,"comment_status":"closed","ping_status":"open","sticky":false,"template":"","format":"standard","meta":[],"categories":[1,9,2],"tags":[],"_links":{"self":[{"href":"https:\/\/szentistvan.dnyem.hu\/index.php?rest_route=\/wp\/v2\/posts\/5264"}],"collection":[{"href":"https:\/\/szentistvan.dnyem.hu\/index.php?rest_route=\/wp\/v2\/posts"}],"about":[{"href":"https:\/\/szentistvan.dnyem.hu\/index.php?rest_route=\/wp\/v2\/types\/post"}],"author":[{"embeddable":true,"href":"https:\/\/szentistvan.dnyem.hu\/index.php?rest_route=\/wp\/v2\/users\/2"}],"replies":[{"embeddable":true,"href":"https:\/\/szentistvan.dnyem.hu\/index.php?rest_route=%2Fwp%2Fv2%2Fcomments&post=5264"}],"version-history":[{"count":1,"href":"https:\/\/szentistvan.dnyem.hu\/index.php?rest_route=\/wp\/v2\/posts\/5264\/revisions"}],"predecessor-version":[{"id":5265,"href":"https:\/\/szentistvan.dnyem.hu\/index.php?rest_route=\/wp\/v2\/posts\/5264\/revisions\/5265"}],"wp:attachment":[{"href":"https:\/\/szentistvan.dnyem.hu\/index.php?rest_route=%2Fwp%2Fv2%2Fmedia&parent=5264"}],"wp:term":[{"taxonomy":"category","embeddable":true,"href":"https:\/\/szentistvan.dnyem.hu\/index.php?rest_route=%2Fwp%2Fv2%2Fcategories&post=5264"},{"taxonomy":"post_tag","embeddable":true,"href":"https:\/\/szentistvan.dnyem.hu\/index.php?rest_route=%2Fwp%2Fv2%2Ftags&post=5264"}],"curies":[{"name":"wp","href":"https:\/\/api.w.org\/{rel}","templated":true}]}}