{"id":522,"date":"2015-12-05T11:21:39","date_gmt":"2015-12-05T10:21:39","guid":{"rendered":"http:\/\/szentistvan.dnyem.hu\/?p=522"},"modified":"2016-11-15T10:06:50","modified_gmt":"2016-11-15T08:06:50","slug":"karitasz-hirek","status":"publish","type":"post","link":"https:\/\/szentistvan.dnyem.hu\/?p=522","title":{"rendered":"Karit\u00e1sz h\u00edrek, esem\u00e9nyek"},"content":{"rendered":"<div>A Debrecen-Ny\u00edregyh\u00e1zi Egyh\u00e1zmegyei Karit\u00e1szt\u00f3l \u00e1tvett ruhanem\u0171t (r\u00f6vid \u00e9s hossz\u00fa nadr\u00e1gokat) osztotta \u00a0ki a Siketek Int\u00e9zet\u00e9ben (Debrecen, Sz\u00e9chenyi u.) a pl\u00e9b\u00e1ni\u00e1nk Karit\u00e1sz munkat\u00e1rsai.<\/div>\n<div>Ezenk\u00edv\u00fcl folyamatosan t\u00f6rt\u00e9nik a pl\u00e9b\u00e1ni\u00e1nk Karit\u00e1sz h\u00e1z\u00e1b\u00f3l az adom\u00e1nyok &#8211; ruhanem\u0171, j\u00e1t\u00e9kok, k\u00f6nyvek, \u00e9lelmiszer &#8211; \u00e1tad\u00e1sa. Az \u00fcnnepek el\u0151tt munkat\u00e1rsaink adj\u00e1k \u00e1t vagy viszik el a r\u00e1szorul\u00f3knak az \u00e9lelmiszerb\u0151l, j\u00e1t\u00e9kokb\u00f3l \u00e9s ruhaf\u00e9l\u00e9kb\u0151l \u00f6sszev\u00e1logatott csomagokat.<\/div>\n<div>V\u00e1rjuk adom\u00e1nyaikat!<\/div>\n<div><a href=\"http:\/\/szentistvan.dnyem.hu\/wp-content\/uploads\/2015\/12\/Car1.jpg\"><img loading=\"lazy\" class=\"alignleft wp-image-524 size-full\" src=\"http:\/\/szentistvan.dnyem.hu\/wp-content\/uploads\/2015\/12\/Car1.jpg\" alt=\"Car1\" width=\"500\" height=\"281\" \/><\/a><\/div>\n<div><\/div>\n<div><\/div>\n<div><\/div>\n<div><\/div>\n<div><\/div>\n<div><\/div>\n<div><\/div>\n<div><\/div>\n<div><\/div>\n<div><\/div>\n<div><\/div>\n<div><\/div>\n<div><a href=\"http:\/\/szentistvan.dnyem.hu\/wp-content\/uploads\/2015\/12\/Car2.jpg\"><img loading=\"lazy\" class=\"alignnone size-full wp-image-525\" src=\"http:\/\/szentistvan.dnyem.hu\/wp-content\/uploads\/2015\/12\/Car2.jpg\" alt=\"Car2\" width=\"500\" height=\"281\" \/><\/a><\/div>\n<div><a href=\"http:\/\/szentistvan.dnyem.hu\/wp-content\/uploads\/2015\/12\/Car3.jpg\"><img loading=\"lazy\" class=\"alignnone size-full wp-image-526\" src=\"http:\/\/szentistvan.dnyem.hu\/wp-content\/uploads\/2015\/12\/Car3.jpg\" alt=\"Car3\" width=\"500\" height=\"281\" \/><\/a><\/div>\n<div><a href=\"http:\/\/szentistvan.dnyem.hu\/wp-content\/uploads\/2015\/12\/Car4.jpg\"><img loading=\"lazy\" class=\"alignnone size-full wp-image-527\" src=\"http:\/\/szentistvan.dnyem.hu\/wp-content\/uploads\/2015\/12\/Car4.jpg\" alt=\"Car4\" width=\"500\" height=\"281\" \/><\/a><\/div>\n","protected":false},"excerpt":{"rendered":"<p>A Debrecen-Ny\u00edregyh\u00e1zi Egyh\u00e1zmegyei Karit\u00e1szt\u00f3l \u00e1tvett ruhanem\u0171t (r\u00f6vid \u00e9s hossz\u00fa nadr\u00e1gokat) osztotta \u00a0ki a Siketek Int\u00e9zet\u00e9ben (Debrecen, Sz\u00e9chenyi u.) a pl\u00e9b\u00e1ni\u00e1nk Karit\u00e1sz munkat\u00e1rsai. Ezenk\u00edv\u00fcl folyamatosan t\u00f6rt\u00e9nik&#8230;<\/p>\n","protected":false},"author":2,"featured_media":528,"comment_status":"closed","ping_status":"closed","sticky":false,"template":"","format":"standard","meta":[],"categories":[5,1,4,7],"tags":[],"_links":{"self":[{"href":"https:\/\/szentistvan.dnyem.hu\/index.php?rest_route=\/wp\/v2\/posts\/522"}],"collection":[{"href":"https:\/\/szentistvan.dnyem.hu\/index.php?rest_route=\/wp\/v2\/posts"}],"about":[{"href":"https:\/\/szentistvan.dnyem.hu\/index.php?rest_route=\/wp\/v2\/types\/post"}],"author":[{"embeddable":true,"href":"https:\/\/szentistvan.dnyem.hu\/index.php?rest_route=\/wp\/v2\/users\/2"}],"replies":[{"embeddable":true,"href":"https:\/\/szentistvan.dnyem.hu\/index.php?rest_route=%2Fwp%2Fv2%2Fcomments&post=522"}],"version-history":[{"count":3,"href":"https:\/\/szentistvan.dnyem.hu\/index.php?rest_route=\/wp\/v2\/posts\/522\/revisions"}],"predecessor-version":[{"id":536,"href":"https:\/\/szentistvan.dnyem.hu\/index.php?rest_route=\/wp\/v2\/posts\/522\/revisions\/536"}],"wp:featuredmedia":[{"embeddable":true,"href":"https:\/\/szentistvan.dnyem.hu\/index.php?rest_route=\/wp\/v2\/media\/528"}],"wp:attachment":[{"href":"https:\/\/szentistvan.dnyem.hu\/index.php?rest_route=%2Fwp%2Fv2%2Fmedia&parent=522"}],"wp:term":[{"taxonomy":"category","embeddable":true,"href":"https:\/\/szentistvan.dnyem.hu\/index.php?rest_route=%2Fwp%2Fv2%2Fcategories&post=522"},{"taxonomy":"post_tag","embeddable":true,"href":"https:\/\/szentistvan.dnyem.hu\/index.php?rest_route=%2Fwp%2Fv2%2Ftags&post=522"}],"curies":[{"name":"wp","href":"https:\/\/api.w.org\/{rel}","templated":true}]}}