{"id":520,"date":"2015-12-01T18:03:35","date_gmt":"2015-12-01T17:03:35","guid":{"rendered":"http:\/\/szentistvan.dnyem.hu\/?p=520"},"modified":"2015-12-01T18:03:35","modified_gmt":"2015-12-01T17:03:35","slug":"oromos-szentgyonas-2","status":"publish","type":"post","link":"https:\/\/szentistvan.dnyem.hu\/?p=520","title":{"rendered":"\u00d6r\u00f6m\u00f6s szentgy\u00f3n\u00e1s 2."},"content":{"rendered":"<p>HOGYAN GY\u00d3NJAK? Ha valaki gy\u00f3nni j\u00f6n, \u00e9s v\u00e9gre kibesz\u00e9li mag\u00e1b\u00f3l mindazt, ami b\u0171nteher a lelk\u00e9n, akkor fell\u00e9legzik, \u00e9s ezzel teret enged az \u00f6r\u00f6mnek \u00f6nmag\u00e1ban.<\/p>\n<p>Ezen \u00f6r\u00f6m elnyer\u00e9se \u00e9rdek\u00e9ben id\u00e9zzem eml\u00e9kezetembe Istennek a megv\u00e1lt\u00e1s m\u0171v\u00e9ben \u00e9s szem\u00e9lyes \u00fcdv\u00f6ss\u00e9gt\u00f6rt\u00e9nelmemben v\u00e9gbevitt j\u00f3t\u00e9tem\u00e9nyeit.<\/p>\n<p>Egyszersmind felment\u00e9st nem keresve valljam be szem\u00e9lyes b\u0171neimet \u00e9s mulaszt\u00e1saimat a maguk p\u0151res\u00e9g\u00e9ben fajt\u00e1juk \u00e9s sz\u00e1muk szerint an\u00e9lk\u00fcl, hogy elb\u00fajn\u00e9k az \u201eember\u201d m\u00f6g\u00e9. Nem az \u201eember\u201d k\u00f6vette el b\u0171neimet, hanem \u00e9n magam.<\/p>\n<p>Fontos szempont, hogy b\u0171nbevall\u00e1skor haszn\u00e1ljunk m\u00falt id\u0151t nyelvtanilag.<\/p>\n<p>Legyen biztos sz\u00f6vegtud\u00e1sunk. A b\u0171nbocs\u00e1nat gy\u00fcm\u00f6lcseiben gazdagabban r\u00e9szes\u00fclhet\u00fcnk, ha a b\u0171nb\u00e1n\u00f3 biztosan ismeri mindazt a sz\u00f6veget, amelyet mondania kell a gy\u00f3ntat\u00f3sz\u00e9kben az elej\u00e9t\u0151l a v\u00e9g\u00e9ig, teh\u00e1t a<em> Dics\u00e9rtess\u00e9k a J\u00e9zus Krisztus<\/em> k\u00f6sz\u00f6n\u00e9ssel kezd\u0151d\u0151en a feloldoz\u00e1s ut\u00e1ni p\u00e1rbesz\u00e9det (gy\u00f3ntat\u00f3: Magasztaljuk Istent, mert j\u00f3s\u00e1gos hozz\u00e1nk, erre a gy\u00f3n\u00f3 feleli: <em>Mert \u00f6r\u00f6kk\u00e9 szeret minket<\/em>; gy\u00f3ntat\u00f3: Isten megbocs\u00e1totta b\u0171neidet menj b\u00e9k\u00e9vel, gy\u00f3n\u00f3: <em>Istennek legyen h\u00e1la<\/em>) k\u00f6vet\u0151 elk\u00f6sz\u00f6n\u00e9ssel (<em>Dics\u00e9rtess\u00e9k a J\u00e9zus Krisztus<\/em>) bez\u00e1r\u00f3lag<\/p>\n","protected":false},"excerpt":{"rendered":"<p>HOGYAN GY\u00d3NJAK? Ha valaki gy\u00f3nni j\u00f6n, \u00e9s v\u00e9gre kibesz\u00e9li mag\u00e1b\u00f3l mindazt, ami b\u0171nteher a lelk\u00e9n, akkor fell\u00e9legzik, \u00e9s ezzel teret enged az \u00f6r\u00f6mnek \u00f6nmag\u00e1ban. Ezen&#8230;<\/p>\n","protected":false},"author":2,"featured_media":0,"comment_status":"closed","ping_status":"open","sticky":false,"template":"","format":"standard","meta":[],"categories":[1],"tags":[],"_links":{"self":[{"href":"https:\/\/szentistvan.dnyem.hu\/index.php?rest_route=\/wp\/v2\/posts\/520"}],"collection":[{"href":"https:\/\/szentistvan.dnyem.hu\/index.php?rest_route=\/wp\/v2\/posts"}],"about":[{"href":"https:\/\/szentistvan.dnyem.hu\/index.php?rest_route=\/wp\/v2\/types\/post"}],"author":[{"embeddable":true,"href":"https:\/\/szentistvan.dnyem.hu\/index.php?rest_route=\/wp\/v2\/users\/2"}],"replies":[{"embeddable":true,"href":"https:\/\/szentistvan.dnyem.hu\/index.php?rest_route=%2Fwp%2Fv2%2Fcomments&post=520"}],"version-history":[{"count":1,"href":"https:\/\/szentistvan.dnyem.hu\/index.php?rest_route=\/wp\/v2\/posts\/520\/revisions"}],"predecessor-version":[{"id":521,"href":"https:\/\/szentistvan.dnyem.hu\/index.php?rest_route=\/wp\/v2\/posts\/520\/revisions\/521"}],"wp:attachment":[{"href":"https:\/\/szentistvan.dnyem.hu\/index.php?rest_route=%2Fwp%2Fv2%2Fmedia&parent=520"}],"wp:term":[{"taxonomy":"category","embeddable":true,"href":"https:\/\/szentistvan.dnyem.hu\/index.php?rest_route=%2Fwp%2Fv2%2Fcategories&post=520"},{"taxonomy":"post_tag","embeddable":true,"href":"https:\/\/szentistvan.dnyem.hu\/index.php?rest_route=%2Fwp%2Fv2%2Ftags&post=520"}],"curies":[{"name":"wp","href":"https:\/\/api.w.org\/{rel}","templated":true}]}}