{"id":518,"date":"2015-12-01T18:01:04","date_gmt":"2015-12-01T17:01:04","guid":{"rendered":"http:\/\/szentistvan.dnyem.hu\/?p=518"},"modified":"2015-12-01T18:01:04","modified_gmt":"2015-12-01T17:01:04","slug":"fogalmazaspalyazat","status":"publish","type":"post","link":"https:\/\/szentistvan.dnyem.hu\/?p=518","title":{"rendered":"Fogalmaz\u00e1sp\u00e1ly\u00e1zat"},"content":{"rendered":"<p>Gyermekeink \u00e9s fiataljaink sz\u00e1m\u00e1ra felh\u00edv\u00e1s fogalmaz\u00e1sp\u00e1ly\u00e1zatra!<\/p>\n<p>A t\u00e9m\u00e1k:<\/p>\n<ul>\n<li>CSAL\u00c1DUNKBAN ILYEN AZ ADVENT\u2026<br \/>\nvagy<\/li>\n<li>\u00cdGY KAR\u00c1CSONYOLUNK\u2026<\/li>\n<\/ul>\n<p>Bead\u00e1si hat\u00e1rid\u0151 december 15. A be\u00e9rkez\u0151 p\u00e1lyam\u0171vekb\u0151l egy \u00f6ssze\u00e1ll\u00edt\u00e1st adunk ki.<\/p>\n","protected":false},"excerpt":{"rendered":"<p>Gyermekeink \u00e9s fiataljaink sz\u00e1m\u00e1ra felh\u00edv\u00e1s fogalmaz\u00e1sp\u00e1ly\u00e1zatra! A t\u00e9m\u00e1k: CSAL\u00c1DUNKBAN ILYEN AZ ADVENT\u2026 vagy \u00cdGY KAR\u00c1CSONYOLUNK\u2026 Bead\u00e1si hat\u00e1rid\u0151 december 15. A be\u00e9rkez\u0151 p\u00e1lyam\u0171vekb\u0151l egy \u00f6ssze\u00e1ll\u00edt\u00e1st adunk&#8230;<\/p>\n","protected":false},"author":2,"featured_media":0,"comment_status":"closed","ping_status":"open","sticky":false,"template":"","format":"standard","meta":[],"categories":[1],"tags":[],"_links":{"self":[{"href":"https:\/\/szentistvan.dnyem.hu\/index.php?rest_route=\/wp\/v2\/posts\/518"}],"collection":[{"href":"https:\/\/szentistvan.dnyem.hu\/index.php?rest_route=\/wp\/v2\/posts"}],"about":[{"href":"https:\/\/szentistvan.dnyem.hu\/index.php?rest_route=\/wp\/v2\/types\/post"}],"author":[{"embeddable":true,"href":"https:\/\/szentistvan.dnyem.hu\/index.php?rest_route=\/wp\/v2\/users\/2"}],"replies":[{"embeddable":true,"href":"https:\/\/szentistvan.dnyem.hu\/index.php?rest_route=%2Fwp%2Fv2%2Fcomments&post=518"}],"version-history":[{"count":1,"href":"https:\/\/szentistvan.dnyem.hu\/index.php?rest_route=\/wp\/v2\/posts\/518\/revisions"}],"predecessor-version":[{"id":519,"href":"https:\/\/szentistvan.dnyem.hu\/index.php?rest_route=\/wp\/v2\/posts\/518\/revisions\/519"}],"wp:attachment":[{"href":"https:\/\/szentistvan.dnyem.hu\/index.php?rest_route=%2Fwp%2Fv2%2Fmedia&parent=518"}],"wp:term":[{"taxonomy":"category","embeddable":true,"href":"https:\/\/szentistvan.dnyem.hu\/index.php?rest_route=%2Fwp%2Fv2%2Fcategories&post=518"},{"taxonomy":"post_tag","embeddable":true,"href":"https:\/\/szentistvan.dnyem.hu\/index.php?rest_route=%2Fwp%2Fv2%2Ftags&post=518"}],"curies":[{"name":"wp","href":"https:\/\/api.w.org\/{rel}","templated":true}]}}