{"id":514,"date":"2015-12-01T17:57:41","date_gmt":"2015-12-01T16:57:41","guid":{"rendered":"http:\/\/szentistvan.dnyem.hu\/?p=514"},"modified":"2015-12-01T17:57:41","modified_gmt":"2015-12-01T16:57:41","slug":"gyogyito-uzenet","status":"publish","type":"post","link":"https:\/\/szentistvan.dnyem.hu\/?p=514","title":{"rendered":"Gy\u00f3gy\u00edt\u00f3 \u00fczenet"},"content":{"rendered":"<p>December 18-ig tart a K\u00dcLDJ \u00dcZENETET EGY BETEGNEK akci\u00f3.<\/p>\n<p>Egy-k\u00e9t biztat\u00f3, kedves mondattal, j\u00f3k\u00edv\u00e1ns\u00e1ggal, kedvenc id\u00e9zettel, verssel vagy rajzzal \u00fczenhet\u00fcnk!<\/p>\n<p>A Katolikus Betegl\u00e1togat\u00f3 Szolg\u00e1lat Alap\u00edtv\u00e1ny \u00f6nk\u00e9ntesei a be\u00e9rkez\u0151 \u00fczeneteket sz\u00e9tosztj\u00e1k a debreceni k\u00f3rh\u00e1zakban a betegek k\u00f6z\u00f6tt.<\/p>\n<p>A \u201eGy\u00f3gy\u00edt\u00f3 \u00fczenet\u201d postal\u00e1d\u00e1ja az \u00fajs\u00e1gos asztalon megtal\u00e1lhat\u00f3.<\/p>\n","protected":false},"excerpt":{"rendered":"<p>December 18-ig tart a K\u00dcLDJ \u00dcZENETET EGY BETEGNEK akci\u00f3. Egy-k\u00e9t biztat\u00f3, kedves mondattal, j\u00f3k\u00edv\u00e1ns\u00e1ggal, kedvenc id\u00e9zettel, verssel vagy rajzzal \u00fczenhet\u00fcnk! A Katolikus Betegl\u00e1togat\u00f3 Szolg\u00e1lat Alap\u00edtv\u00e1ny&#8230;<\/p>\n","protected":false},"author":2,"featured_media":0,"comment_status":"closed","ping_status":"open","sticky":false,"template":"","format":"standard","meta":[],"categories":[1],"tags":[],"_links":{"self":[{"href":"https:\/\/szentistvan.dnyem.hu\/index.php?rest_route=\/wp\/v2\/posts\/514"}],"collection":[{"href":"https:\/\/szentistvan.dnyem.hu\/index.php?rest_route=\/wp\/v2\/posts"}],"about":[{"href":"https:\/\/szentistvan.dnyem.hu\/index.php?rest_route=\/wp\/v2\/types\/post"}],"author":[{"embeddable":true,"href":"https:\/\/szentistvan.dnyem.hu\/index.php?rest_route=\/wp\/v2\/users\/2"}],"replies":[{"embeddable":true,"href":"https:\/\/szentistvan.dnyem.hu\/index.php?rest_route=%2Fwp%2Fv2%2Fcomments&post=514"}],"version-history":[{"count":1,"href":"https:\/\/szentistvan.dnyem.hu\/index.php?rest_route=\/wp\/v2\/posts\/514\/revisions"}],"predecessor-version":[{"id":515,"href":"https:\/\/szentistvan.dnyem.hu\/index.php?rest_route=\/wp\/v2\/posts\/514\/revisions\/515"}],"wp:attachment":[{"href":"https:\/\/szentistvan.dnyem.hu\/index.php?rest_route=%2Fwp%2Fv2%2Fmedia&parent=514"}],"wp:term":[{"taxonomy":"category","embeddable":true,"href":"https:\/\/szentistvan.dnyem.hu\/index.php?rest_route=%2Fwp%2Fv2%2Fcategories&post=514"},{"taxonomy":"post_tag","embeddable":true,"href":"https:\/\/szentistvan.dnyem.hu\/index.php?rest_route=%2Fwp%2Fv2%2Ftags&post=514"}],"curies":[{"name":"wp","href":"https:\/\/api.w.org\/{rel}","templated":true}]}}