{"id":512,"date":"2015-12-01T17:55:14","date_gmt":"2015-12-01T16:55:14","guid":{"rendered":"http:\/\/szentistvan.dnyem.hu\/?p=512"},"modified":"2015-12-01T17:55:14","modified_gmt":"2015-12-01T16:55:14","slug":"noi-kor-december-13-an","status":"publish","type":"post","link":"https:\/\/szentistvan.dnyem.hu\/?p=512","title":{"rendered":"N\u0151i k\u00f6r december 13-\u00e1n"},"content":{"rendered":"<p>December 13-\u00e1n 16:00-kor N\u0151i K\u00f6r a pl\u00e9b\u00e1ni\u00e1n, amelyre sz\u00edv\u00e9lyesen h\u00edvok minden kedves \u00e9rdekl\u0151d\u0151t.<\/p>\n","protected":false},"excerpt":{"rendered":"<p>December 13-\u00e1n 16:00-kor N\u0151i K\u00f6r a pl\u00e9b\u00e1ni\u00e1n, amelyre sz\u00edv\u00e9lyesen h\u00edvok minden kedves \u00e9rdekl\u0151d\u0151t.<\/p>\n","protected":false},"author":2,"featured_media":0,"comment_status":"closed","ping_status":"open","sticky":false,"template":"","format":"standard","meta":[],"categories":[1],"tags":[],"_links":{"self":[{"href":"https:\/\/szentistvan.dnyem.hu\/index.php?rest_route=\/wp\/v2\/posts\/512"}],"collection":[{"href":"https:\/\/szentistvan.dnyem.hu\/index.php?rest_route=\/wp\/v2\/posts"}],"about":[{"href":"https:\/\/szentistvan.dnyem.hu\/index.php?rest_route=\/wp\/v2\/types\/post"}],"author":[{"embeddable":true,"href":"https:\/\/szentistvan.dnyem.hu\/index.php?rest_route=\/wp\/v2\/users\/2"}],"replies":[{"embeddable":true,"href":"https:\/\/szentistvan.dnyem.hu\/index.php?rest_route=%2Fwp%2Fv2%2Fcomments&post=512"}],"version-history":[{"count":1,"href":"https:\/\/szentistvan.dnyem.hu\/index.php?rest_route=\/wp\/v2\/posts\/512\/revisions"}],"predecessor-version":[{"id":513,"href":"https:\/\/szentistvan.dnyem.hu\/index.php?rest_route=\/wp\/v2\/posts\/512\/revisions\/513"}],"wp:attachment":[{"href":"https:\/\/szentistvan.dnyem.hu\/index.php?rest_route=%2Fwp%2Fv2%2Fmedia&parent=512"}],"wp:term":[{"taxonomy":"category","embeddable":true,"href":"https:\/\/szentistvan.dnyem.hu\/index.php?rest_route=%2Fwp%2Fv2%2Fcategories&post=512"},{"taxonomy":"post_tag","embeddable":true,"href":"https:\/\/szentistvan.dnyem.hu\/index.php?rest_route=%2Fwp%2Fv2%2Ftags&post=512"}],"curies":[{"name":"wp","href":"https:\/\/api.w.org\/{rel}","templated":true}]}}