{"id":510,"date":"2015-12-01T17:52:28","date_gmt":"2015-12-01T16:52:28","guid":{"rendered":"http:\/\/szentistvan.dnyem.hu\/?p=510"},"modified":"2015-12-01T17:52:28","modified_gmt":"2015-12-01T16:52:28","slug":"koncert-a-szent-anna-szekesegyhazban-november-29-en","status":"publish","type":"post","link":"https:\/\/szentistvan.dnyem.hu\/?p=510","title":{"rendered":"Koncert a Szent Anna sz\u00e9kesegyh\u00e1zban november 29-\u00e9n"},"content":{"rendered":"<p>November 29-\u00e9n (vas\u00e1rnap) 19:00-t\u00f3l a Szent Anna sz\u00e9kesegyh\u00e1zban W. A. Mozart C-d\u00far Mis\u00e9je hangzik fel a Debreceni Szent L\u00e1szl\u00f3 K\u00f3rus el\u0151ad\u00e1s\u00e1ban. Vez\u00e9nyel Dobos Mih\u00e1ly.<\/p>\n","protected":false},"excerpt":{"rendered":"<p>November 29-\u00e9n (vas\u00e1rnap) 19:00-t\u00f3l a Szent Anna sz\u00e9kesegyh\u00e1zban W. A. Mozart C-d\u00far Mis\u00e9je hangzik fel a Debreceni Szent L\u00e1szl\u00f3 K\u00f3rus el\u0151ad\u00e1s\u00e1ban. Vez\u00e9nyel Dobos Mih\u00e1ly.<\/p>\n","protected":false},"author":2,"featured_media":0,"comment_status":"closed","ping_status":"open","sticky":false,"template":"","format":"standard","meta":[],"categories":[1],"tags":[],"_links":{"self":[{"href":"https:\/\/szentistvan.dnyem.hu\/index.php?rest_route=\/wp\/v2\/posts\/510"}],"collection":[{"href":"https:\/\/szentistvan.dnyem.hu\/index.php?rest_route=\/wp\/v2\/posts"}],"about":[{"href":"https:\/\/szentistvan.dnyem.hu\/index.php?rest_route=\/wp\/v2\/types\/post"}],"author":[{"embeddable":true,"href":"https:\/\/szentistvan.dnyem.hu\/index.php?rest_route=\/wp\/v2\/users\/2"}],"replies":[{"embeddable":true,"href":"https:\/\/szentistvan.dnyem.hu\/index.php?rest_route=%2Fwp%2Fv2%2Fcomments&post=510"}],"version-history":[{"count":1,"href":"https:\/\/szentistvan.dnyem.hu\/index.php?rest_route=\/wp\/v2\/posts\/510\/revisions"}],"predecessor-version":[{"id":511,"href":"https:\/\/szentistvan.dnyem.hu\/index.php?rest_route=\/wp\/v2\/posts\/510\/revisions\/511"}],"wp:attachment":[{"href":"https:\/\/szentistvan.dnyem.hu\/index.php?rest_route=%2Fwp%2Fv2%2Fmedia&parent=510"}],"wp:term":[{"taxonomy":"category","embeddable":true,"href":"https:\/\/szentistvan.dnyem.hu\/index.php?rest_route=%2Fwp%2Fv2%2Fcategories&post=510"},{"taxonomy":"post_tag","embeddable":true,"href":"https:\/\/szentistvan.dnyem.hu\/index.php?rest_route=%2Fwp%2Fv2%2Ftags&post=510"}],"curies":[{"name":"wp","href":"https:\/\/api.w.org\/{rel}","templated":true}]}}