{"id":5077,"date":"2023-09-14T06:54:53","date_gmt":"2023-09-14T04:54:53","guid":{"rendered":"https:\/\/szentistvan.dnyem.hu\/?p=5077"},"modified":"2023-09-14T07:07:45","modified_gmt":"2023-09-14T05:07:45","slug":"maria-szentseges-neve","status":"publish","type":"post","link":"https:\/\/szentistvan.dnyem.hu\/?p=5077","title":{"rendered":"M\u00e1ria szents\u00e9ges neve"},"content":{"rendered":"\n<p>M\u00e1ria neve szent n\u00e9v, amelyt\u0151l reszketnie kell a pokolnak. Eml\u00e9kezet\u00fcnkbe hozza a Boldogs\u00e1gos Sz\u0171z \u00e9let\u00e9t \u00e9s magasztos hivat\u00e1s\u00e1t, \u00e9s n\u00f6veli bizalmunkat hatalmas k\u00f6zbenj\u00e1r\u00e1s\u00e1ban. Az \u00fcnnep eredet\u00e9t Spanyolorsz\u00e1gb\u00f3l nyerte, \u00e9s kezdetben M\u00e1ria sz\u00fclet\u00e9se ut\u00e1ni 14. napon \u00fcnnepelt\u00e9k, teh\u00e1t szeptember 22-\u00e9n. XI. Ince p\u00e1pa az eg\u00e9sz Egyh\u00e1zban elrendelte h\u00e1la\u00fcnnep\u00fcl Szobieszki J\u00e1nosnak B\u00e9cs kapui el\u0151tt a t\u00f6r\u00f6k f\u00f6l\u00f6tt 1683. szeptember 12-\u00e9n v\u00edvott gy\u0151zelm\u00e9nek eml\u00e9k\u00e9re.<\/p>\n\n\n\n<p><em>Oratio<\/em>: Engedd, k\u00e9r\u00fcnk, mindenhat\u00f3 Isten, hogy h\u00edveid, kik a Szents\u00e9ges Sz\u0171z M\u00e1ria nev\u00e9n \u00e9s oltalm\u00e1n \u00f6rvendenek, az \u0151 hathat\u00f3s esedez\u00e9se k\u00f6vetkezt\u00e9ben a f\u00f6ld\u00f6n minden gonoszt\u00f3l megmenek\u00fclve a mennyekben az \u00f6r\u00f6kk\u00e9 tart\u00f3 \u00f6r\u00f6m\u00f6kre \u00e9rdemesek lehessenek.<\/p>\n\n\n\n<p>Forr\u00e1s: <a rel=\"noreferrer noopener\" href=\"https:\/\/www.katolikus-honlap.hu\/unnep.htm\" target=\"_blank\">https:\/\/www.katolikus-honlap.hu\/unnep.htm<\/a><\/p>\n\n\n\n<p>\u00dcdv\u00f6zl\u00e9gy, M\u00e1ria, aki megtan\u00edtasz minket az al\u00e1zatra! Nevedben tisztelj\u00fck azt, aki minket hal\u00e1lunk \u00f3r\u00e1j\u00e1n is k\u00e9pes megseg\u00edteni. Im\u00e1dkozz\u00e1l teh\u00e1t \u00e9rett\u00fcnk, b\u0171n\u00f6s\u00f6k\u00e9rt!<\/p>\n\n\n\n<p>forr\u00e1s: <a href=\"https:\/\/sztkereszt.blogspot.com\/2011\/09\/szuz-maria-szent-neve.html\" target=\"_blank\" rel=\"noreferrer noopener\">https:\/\/sztkereszt.blogspot.com\/2011\/09\/szuz-maria-szent-neve.html<\/a><\/p>\n","protected":false},"excerpt":{"rendered":"<p>M\u00e1ria neve szent n\u00e9v, amelyt\u0151l reszketnie kell a pokolnak. Eml\u00e9kezet\u00fcnkbe hozza a Boldogs\u00e1gos Sz\u0171z \u00e9let\u00e9t \u00e9s magasztos hivat\u00e1s\u00e1t, \u00e9s n\u00f6veli bizalmunkat hatalmas k\u00f6zbenj\u00e1r\u00e1s\u00e1ban. Az \u00fcnnep&#8230;<\/p>\n","protected":false},"author":2,"featured_media":0,"comment_status":"closed","ping_status":"open","sticky":false,"template":"","format":"standard","meta":[],"categories":[11,9],"tags":[],"_links":{"self":[{"href":"https:\/\/szentistvan.dnyem.hu\/index.php?rest_route=\/wp\/v2\/posts\/5077"}],"collection":[{"href":"https:\/\/szentistvan.dnyem.hu\/index.php?rest_route=\/wp\/v2\/posts"}],"about":[{"href":"https:\/\/szentistvan.dnyem.hu\/index.php?rest_route=\/wp\/v2\/types\/post"}],"author":[{"embeddable":true,"href":"https:\/\/szentistvan.dnyem.hu\/index.php?rest_route=\/wp\/v2\/users\/2"}],"replies":[{"embeddable":true,"href":"https:\/\/szentistvan.dnyem.hu\/index.php?rest_route=%2Fwp%2Fv2%2Fcomments&post=5077"}],"version-history":[{"count":3,"href":"https:\/\/szentistvan.dnyem.hu\/index.php?rest_route=\/wp\/v2\/posts\/5077\/revisions"}],"predecessor-version":[{"id":5080,"href":"https:\/\/szentistvan.dnyem.hu\/index.php?rest_route=\/wp\/v2\/posts\/5077\/revisions\/5080"}],"wp:attachment":[{"href":"https:\/\/szentistvan.dnyem.hu\/index.php?rest_route=%2Fwp%2Fv2%2Fmedia&parent=5077"}],"wp:term":[{"taxonomy":"category","embeddable":true,"href":"https:\/\/szentistvan.dnyem.hu\/index.php?rest_route=%2Fwp%2Fv2%2Fcategories&post=5077"},{"taxonomy":"post_tag","embeddable":true,"href":"https:\/\/szentistvan.dnyem.hu\/index.php?rest_route=%2Fwp%2Fv2%2Ftags&post=5077"}],"curies":[{"name":"wp","href":"https:\/\/api.w.org\/{rel}","templated":true}]}}