{"id":5075,"date":"2023-09-14T06:52:05","date_gmt":"2023-09-14T04:52:05","guid":{"rendered":"https:\/\/szentistvan.dnyem.hu\/?p=5075"},"modified":"2023-09-14T06:52:15","modified_gmt":"2023-09-14T04:52:15","slug":"tuzifa-felajanlasa","status":"publish","type":"post","link":"https:\/\/szentistvan.dnyem.hu\/?p=5075","title":{"rendered":"T\u0171zifa felaj\u00e1nl\u00e1sa"},"content":{"rendered":"\n<p>A szeptember 4. \u00e9s 10. k\u00f6z\u00f6tti h\u00e9ten k\u00e9t elsz\u00e1radt ny\u00edrf\u00e1t v\u00e1gattunk ki a templom kertj\u00e9ben. Szeretn\u00e9nk a r\u00e1szorul\u00f3 csal\u00e1doknak felaj\u00e1nlani elvitelre, ez\u00e9rt k\u00e9rem, hogy karit\u00e1sz csoportunk fel\u00e9 jelezz\u00e9k, ha k\u00f6rnyezet\u00fckben r\u00e1szorul\u00f3 csal\u00e1dok vannak, akiknek felaj\u00e1nlhatjuk a t\u00e9li t\u00fczel\u0151t.<\/p>\n","protected":false},"excerpt":{"rendered":"<p>A szeptember 4. \u00e9s 10. k\u00f6z\u00f6tti h\u00e9ten k\u00e9t elsz\u00e1radt ny\u00edrf\u00e1t v\u00e1gattunk ki a templom kertj\u00e9ben. Szeretn\u00e9nk a r\u00e1szorul\u00f3 csal\u00e1doknak felaj\u00e1nlani elvitelre, ez\u00e9rt k\u00e9rem, hogy karit\u00e1sz&#8230;<\/p>\n","protected":false},"author":2,"featured_media":0,"comment_status":"closed","ping_status":"open","sticky":false,"template":"","format":"standard","meta":[],"categories":[1,4,7],"tags":[],"_links":{"self":[{"href":"https:\/\/szentistvan.dnyem.hu\/index.php?rest_route=\/wp\/v2\/posts\/5075"}],"collection":[{"href":"https:\/\/szentistvan.dnyem.hu\/index.php?rest_route=\/wp\/v2\/posts"}],"about":[{"href":"https:\/\/szentistvan.dnyem.hu\/index.php?rest_route=\/wp\/v2\/types\/post"}],"author":[{"embeddable":true,"href":"https:\/\/szentistvan.dnyem.hu\/index.php?rest_route=\/wp\/v2\/users\/2"}],"replies":[{"embeddable":true,"href":"https:\/\/szentistvan.dnyem.hu\/index.php?rest_route=%2Fwp%2Fv2%2Fcomments&post=5075"}],"version-history":[{"count":1,"href":"https:\/\/szentistvan.dnyem.hu\/index.php?rest_route=\/wp\/v2\/posts\/5075\/revisions"}],"predecessor-version":[{"id":5076,"href":"https:\/\/szentistvan.dnyem.hu\/index.php?rest_route=\/wp\/v2\/posts\/5075\/revisions\/5076"}],"wp:attachment":[{"href":"https:\/\/szentistvan.dnyem.hu\/index.php?rest_route=%2Fwp%2Fv2%2Fmedia&parent=5075"}],"wp:term":[{"taxonomy":"category","embeddable":true,"href":"https:\/\/szentistvan.dnyem.hu\/index.php?rest_route=%2Fwp%2Fv2%2Fcategories&post=5075"},{"taxonomy":"post_tag","embeddable":true,"href":"https:\/\/szentistvan.dnyem.hu\/index.php?rest_route=%2Fwp%2Fv2%2Ftags&post=5075"}],"curies":[{"name":"wp","href":"https:\/\/api.w.org\/{rel}","templated":true}]}}