{"id":5045,"date":"2023-08-24T18:15:45","date_gmt":"2023-08-24T16:15:45","guid":{"rendered":"https:\/\/szentistvan.dnyem.hu\/?p=5045"},"modified":"2023-09-04T09:10:19","modified_gmt":"2023-09-04T07:10:19","slug":"zarandoklat","status":"publish","type":"post","link":"https:\/\/szentistvan.dnyem.hu\/?p=5045","title":{"rendered":"Zar\u00e1ndoklat"},"content":{"rendered":"\n<p><strong>Szeptember 10-\u00e9n (vas\u00e1rnap) M\u00e1travereb\u00e9ly &#8211; Szentk\u00fatra zar\u00e1ndokolunk<\/strong>, p\u00fcsp\u00f6k \u00far h\u00edv\u00e1s\u00e1t elfogadva. J\u00f3 volna, ha min\u00e9l t\u00f6bben r\u00e9szt venn\u00e9nek ezen a k\u00f6z\u00f6s programon.<\/p>\n\n\n\n<p><strong>A busz k\u00f6lts\u00e9ge 7500 Ft\/f\u0151.<\/strong> Jelentkezni \u00e9s a k\u00f6lts\u00e9get befizetni a sekresty\u00e9ben lehet.<\/p>\n\n\n\n<p><strong>Ezen a napon nem lesz a Szent Istv\u00e1n templomban szentmise.<\/strong><\/p>\n\n\n\n<p><strong>A busz reggel 6:00 \u00f3rakor indul  a Szenci Moln\u00e1r Albert utc\u00e1n l\u00e9v\u0151 pl\u00e9b\u00e1niakapu el\u0151l.<\/strong><\/p>\n","protected":false},"excerpt":{"rendered":"<p>Szeptember 10-\u00e9n (vas\u00e1rnap) M\u00e1travereb\u00e9ly &#8211; Szentk\u00fatra zar\u00e1ndokolunk, p\u00fcsp\u00f6k \u00far h\u00edv\u00e1s\u00e1t elfogadva. J\u00f3 volna, ha min\u00e9l t\u00f6bben r\u00e9szt venn\u00e9nek ezen a k\u00f6z\u00f6s programon. A busz k\u00f6lts\u00e9ge&#8230;<\/p>\n","protected":false},"author":2,"featured_media":0,"comment_status":"closed","ping_status":"open","sticky":false,"template":"","format":"standard","meta":[],"categories":[1,9,2],"tags":[],"_links":{"self":[{"href":"https:\/\/szentistvan.dnyem.hu\/index.php?rest_route=\/wp\/v2\/posts\/5045"}],"collection":[{"href":"https:\/\/szentistvan.dnyem.hu\/index.php?rest_route=\/wp\/v2\/posts"}],"about":[{"href":"https:\/\/szentistvan.dnyem.hu\/index.php?rest_route=\/wp\/v2\/types\/post"}],"author":[{"embeddable":true,"href":"https:\/\/szentistvan.dnyem.hu\/index.php?rest_route=\/wp\/v2\/users\/2"}],"replies":[{"embeddable":true,"href":"https:\/\/szentistvan.dnyem.hu\/index.php?rest_route=%2Fwp%2Fv2%2Fcomments&post=5045"}],"version-history":[{"count":3,"href":"https:\/\/szentistvan.dnyem.hu\/index.php?rest_route=\/wp\/v2\/posts\/5045\/revisions"}],"predecessor-version":[{"id":5065,"href":"https:\/\/szentistvan.dnyem.hu\/index.php?rest_route=\/wp\/v2\/posts\/5045\/revisions\/5065"}],"wp:attachment":[{"href":"https:\/\/szentistvan.dnyem.hu\/index.php?rest_route=%2Fwp%2Fv2%2Fmedia&parent=5045"}],"wp:term":[{"taxonomy":"category","embeddable":true,"href":"https:\/\/szentistvan.dnyem.hu\/index.php?rest_route=%2Fwp%2Fv2%2Fcategories&post=5045"},{"taxonomy":"post_tag","embeddable":true,"href":"https:\/\/szentistvan.dnyem.hu\/index.php?rest_route=%2Fwp%2Fv2%2Ftags&post=5045"}],"curies":[{"name":"wp","href":"https:\/\/api.w.org\/{rel}","templated":true}]}}