{"id":5003,"date":"2023-07-23T22:52:24","date_gmt":"2023-07-23T20:52:24","guid":{"rendered":"https:\/\/szentistvan.dnyem.hu\/?p=5003"},"modified":"2023-07-23T22:52:24","modified_gmt":"2023-07-23T20:52:24","slug":"bucsu","status":"publish","type":"post","link":"https:\/\/szentistvan.dnyem.hu\/?p=5003","title":{"rendered":"B\u00facs\u00fa"},"content":{"rendered":"\n<p><strong>Az egyh\u00e1zmegye b\u00facs\u00faja j\u00falius 30-\u00e1n, vas\u00e1rnap lesz M\u00e1riap\u00f3cson. A szentmise f\u0151celebr\u00e1nsa \u00e9s sz\u00f3noka Felf\u00f6ldi L\u00e1szl\u00f3 p\u00e9csi p\u00fcsp\u00f6k \u00far. Az \u00fcnnepi szentmise 11:00 \u00f3rakor kezd\u0151dik.<\/strong> Buzd\u00edtjuk a kedves h\u00edveket, hogy aki tud, vegyen r\u00e9szt ezen a zar\u00e1ndoklaton.<\/p>\n","protected":false},"excerpt":{"rendered":"<p>Az egyh\u00e1zmegye b\u00facs\u00faja j\u00falius 30-\u00e1n, vas\u00e1rnap lesz M\u00e1riap\u00f3cson. A szentmise f\u0151celebr\u00e1nsa \u00e9s sz\u00f3noka Felf\u00f6ldi L\u00e1szl\u00f3 p\u00e9csi p\u00fcsp\u00f6k \u00far. Az \u00fcnnepi szentmise 11:00 \u00f3rakor kezd\u0151dik. Buzd\u00edtjuk&#8230;<\/p>\n","protected":false},"author":2,"featured_media":0,"comment_status":"closed","ping_status":"open","sticky":false,"template":"","format":"standard","meta":[],"categories":[1,9,2],"tags":[],"_links":{"self":[{"href":"https:\/\/szentistvan.dnyem.hu\/index.php?rest_route=\/wp\/v2\/posts\/5003"}],"collection":[{"href":"https:\/\/szentistvan.dnyem.hu\/index.php?rest_route=\/wp\/v2\/posts"}],"about":[{"href":"https:\/\/szentistvan.dnyem.hu\/index.php?rest_route=\/wp\/v2\/types\/post"}],"author":[{"embeddable":true,"href":"https:\/\/szentistvan.dnyem.hu\/index.php?rest_route=\/wp\/v2\/users\/2"}],"replies":[{"embeddable":true,"href":"https:\/\/szentistvan.dnyem.hu\/index.php?rest_route=%2Fwp%2Fv2%2Fcomments&post=5003"}],"version-history":[{"count":1,"href":"https:\/\/szentistvan.dnyem.hu\/index.php?rest_route=\/wp\/v2\/posts\/5003\/revisions"}],"predecessor-version":[{"id":5004,"href":"https:\/\/szentistvan.dnyem.hu\/index.php?rest_route=\/wp\/v2\/posts\/5003\/revisions\/5004"}],"wp:attachment":[{"href":"https:\/\/szentistvan.dnyem.hu\/index.php?rest_route=%2Fwp%2Fv2%2Fmedia&parent=5003"}],"wp:term":[{"taxonomy":"category","embeddable":true,"href":"https:\/\/szentistvan.dnyem.hu\/index.php?rest_route=%2Fwp%2Fv2%2Fcategories&post=5003"},{"taxonomy":"post_tag","embeddable":true,"href":"https:\/\/szentistvan.dnyem.hu\/index.php?rest_route=%2Fwp%2Fv2%2Ftags&post=5003"}],"curies":[{"name":"wp","href":"https:\/\/api.w.org\/{rel}","templated":true}]}}