{"id":500,"date":"2015-11-22T16:39:35","date_gmt":"2015-11-22T15:39:35","guid":{"rendered":"http:\/\/szentistvan.dnyem.hu\/?p=500"},"modified":"2015-12-01T17:45:50","modified_gmt":"2015-12-01T16:45:50","slug":"oromos-szentgyonas","status":"publish","type":"post","link":"https:\/\/szentistvan.dnyem.hu\/?p=500","title":{"rendered":"\u00d6r\u00f6m\u00f6s szentgy\u00f3n\u00e1s 1."},"content":{"rendered":"<p>A mai vas\u00e1rnap (november 22-\u00e9n) <strong>4 r\u00e9szes sorozatot<\/strong> ind\u00edtok \u00fatj\u00e1ra <strong>\u00d6R\u00d6M\u00d6S SZENTGY\u00d3N\u00c1S<\/strong> c\u00edmmel. Ebben a sorozatban seg\u00edts\u00e9get kaphatunk, hogy m\u00e9g gy\u00fcm\u00f6lcs\u00f6z\u0151bb legyen j\u00e1rul\u00e1sunk a b\u0171nbocs\u00e1nat szents\u00e9g\u00e9hez.<\/p>\n<p><strong>I. r\u00e9sz: Az el\u0151k\u00e9sz\u00fclet.<\/strong><\/p>\n<p>Ebbe tartozik egyr\u00e9szt <strong>a lelkiismeret-vizsg\u00e1lat el\u0151tti IM\u00c1DS\u00c1G A SZENTL\u00c9LEKHEZ<\/strong> b\u0171neink fel- \u00e9s beismer\u00e9s\u00e9\u00e9rt ilyen vagy ehhez hasonl\u00f3 gondolati tartalommal: Szentl\u00e9lek \u00daristen! Vil\u00e1gos\u00edtsd meg \u00e9rtelmemet \u00e9s eml\u00e9kezetemet, hogy b\u0171neimet \u00e9s mulaszt\u00e1saimat igaz\u00e1n felismerjem \u00e9s n\u00e9ven nevezzem! Add, hogy szeretetb\u0151l valamennyit \u0151szint\u00e9n bel\u00e1ssam \u00e9s tiszta sz\u00edvemb\u0151l megb\u00e1njam! Amen.<br \/>\n<strong>Az alapos LELKIISMERET-VIZSG\u00c1LAT<\/strong> alkotja az el\u0151k\u00e9sz\u00fclet m\u00e1sodik r\u00e9sz\u00e9t. Ehhez tan\u00e1csos az \u00e9let\u00e1llapotunknak \u00e9s \u2013korunknak megfelel\u0151 lelkit\u00fck\u00f6r felhaszn\u00e1l\u00e1sa. Az ebben tal\u00e1lhat\u00f3 k\u00e9rd\u00e9sek alapj\u00e1n gondoljuk v\u00e9gig \u00e9let\u00fcnk \u00e9s kapcsolataink alak\u00edt\u00e1s\u00e1t a legut\u00f3bbi szentgy\u00f3n\u00e1sunk \u00f3ta, \u00e9s vegy\u00fck sz\u00e1mba b\u0171neinket, gy\u00f6tr\u0151 probl\u00e9m\u00e1inkat \u00e9s ezek k\u00f6r\u00fclm\u00e9nyeit. K\u00fcl\u00f6n\u00edts\u00fck el a s\u00falyos, bocs\u00e1natos \u00e9s megszok\u00e1ss\u00e1 v\u00e1lt b\u0171neinket.<\/p>\n","protected":false},"excerpt":{"rendered":"<p>A mai vas\u00e1rnap (november 22-\u00e9n) 4 r\u00e9szes sorozatot ind\u00edtok \u00fatj\u00e1ra \u00d6R\u00d6M\u00d6S SZENTGY\u00d3N\u00c1S c\u00edmmel. Ebben a sorozatban seg\u00edts\u00e9get kaphatunk, hogy m\u00e9g gy\u00fcm\u00f6lcs\u00f6z\u0151bb legyen j\u00e1rul\u00e1sunk a b\u0171nbocs\u00e1nat&#8230;<\/p>\n","protected":false},"author":2,"featured_media":0,"comment_status":"closed","ping_status":"open","sticky":false,"template":"","format":"standard","meta":[],"categories":[1,2],"tags":[],"_links":{"self":[{"href":"https:\/\/szentistvan.dnyem.hu\/index.php?rest_route=\/wp\/v2\/posts\/500"}],"collection":[{"href":"https:\/\/szentistvan.dnyem.hu\/index.php?rest_route=\/wp\/v2\/posts"}],"about":[{"href":"https:\/\/szentistvan.dnyem.hu\/index.php?rest_route=\/wp\/v2\/types\/post"}],"author":[{"embeddable":true,"href":"https:\/\/szentistvan.dnyem.hu\/index.php?rest_route=\/wp\/v2\/users\/2"}],"replies":[{"embeddable":true,"href":"https:\/\/szentistvan.dnyem.hu\/index.php?rest_route=%2Fwp%2Fv2%2Fcomments&post=500"}],"version-history":[{"count":4,"href":"https:\/\/szentistvan.dnyem.hu\/index.php?rest_route=\/wp\/v2\/posts\/500\/revisions"}],"predecessor-version":[{"id":508,"href":"https:\/\/szentistvan.dnyem.hu\/index.php?rest_route=\/wp\/v2\/posts\/500\/revisions\/508"}],"wp:attachment":[{"href":"https:\/\/szentistvan.dnyem.hu\/index.php?rest_route=%2Fwp%2Fv2%2Fmedia&parent=500"}],"wp:term":[{"taxonomy":"category","embeddable":true,"href":"https:\/\/szentistvan.dnyem.hu\/index.php?rest_route=%2Fwp%2Fv2%2Fcategories&post=500"},{"taxonomy":"post_tag","embeddable":true,"href":"https:\/\/szentistvan.dnyem.hu\/index.php?rest_route=%2Fwp%2Fv2%2Ftags&post=500"}],"curies":[{"name":"wp","href":"https:\/\/api.w.org\/{rel}","templated":true}]}}