{"id":498,"date":"2015-11-22T16:32:53","date_gmt":"2015-11-22T15:32:53","guid":{"rendered":"http:\/\/szentistvan.dnyem.hu\/?p=498"},"modified":"2015-11-22T16:32:53","modified_gmt":"2015-11-22T15:32:53","slug":"mikulas","status":"publish","type":"post","link":"https:\/\/szentistvan.dnyem.hu\/?p=498","title":{"rendered":"Mikul\u00e1s"},"content":{"rendered":"<p>December 6-\u00e1n (vas\u00e1rnap), a szentmise ut\u00e1n a<strong> Mikul\u00e1s j\u00f6n<\/strong> a gyerekekhez.<\/p>\n<p>Ezut\u00e1n a <strong>Pl\u00e9b\u00e1nia Karit\u00e1sz Csoportja munk\u00e1j\u00e1nak t\u00e1mogat\u00e1s\u00e1ra<\/strong> a templom el\u0151tt v\u00e1s\u00e1r, ahol lehet v\u00e1s\u00e1rolni<\/p>\n<ul>\n<li>gyerty\u00e1t (100 Ft-\u00e9rt),<\/li>\n<li>Karit\u00e1sz-Kalend\u00e1riumot (200 Ft-\u00e9rt),<\/li>\n<li>egy\u00e9b hasznos apr\u00f3s\u00e1gokat (\u00f6nk\u00e9ntes adom\u00e1ny\u00e9rt)<\/li>\n<\/ul>\n","protected":false},"excerpt":{"rendered":"<p>December 6-\u00e1n (vas\u00e1rnap), a szentmise ut\u00e1n a Mikul\u00e1s j\u00f6n a gyerekekhez. Ezut\u00e1n a Pl\u00e9b\u00e1nia Karit\u00e1sz Csoportja munk\u00e1j\u00e1nak t\u00e1mogat\u00e1s\u00e1ra a templom el\u0151tt v\u00e1s\u00e1r, ahol lehet v\u00e1s\u00e1rolni&#8230;<\/p>\n","protected":false},"author":2,"featured_media":0,"comment_status":"closed","ping_status":"open","sticky":false,"template":"","format":"standard","meta":[],"categories":[2],"tags":[],"_links":{"self":[{"href":"https:\/\/szentistvan.dnyem.hu\/index.php?rest_route=\/wp\/v2\/posts\/498"}],"collection":[{"href":"https:\/\/szentistvan.dnyem.hu\/index.php?rest_route=\/wp\/v2\/posts"}],"about":[{"href":"https:\/\/szentistvan.dnyem.hu\/index.php?rest_route=\/wp\/v2\/types\/post"}],"author":[{"embeddable":true,"href":"https:\/\/szentistvan.dnyem.hu\/index.php?rest_route=\/wp\/v2\/users\/2"}],"replies":[{"embeddable":true,"href":"https:\/\/szentistvan.dnyem.hu\/index.php?rest_route=%2Fwp%2Fv2%2Fcomments&post=498"}],"version-history":[{"count":1,"href":"https:\/\/szentistvan.dnyem.hu\/index.php?rest_route=\/wp\/v2\/posts\/498\/revisions"}],"predecessor-version":[{"id":499,"href":"https:\/\/szentistvan.dnyem.hu\/index.php?rest_route=\/wp\/v2\/posts\/498\/revisions\/499"}],"wp:attachment":[{"href":"https:\/\/szentistvan.dnyem.hu\/index.php?rest_route=%2Fwp%2Fv2%2Fmedia&parent=498"}],"wp:term":[{"taxonomy":"category","embeddable":true,"href":"https:\/\/szentistvan.dnyem.hu\/index.php?rest_route=%2Fwp%2Fv2%2Fcategories&post=498"},{"taxonomy":"post_tag","embeddable":true,"href":"https:\/\/szentistvan.dnyem.hu\/index.php?rest_route=%2Fwp%2Fv2%2Ftags&post=498"}],"curies":[{"name":"wp","href":"https:\/\/api.w.org\/{rel}","templated":true}]}}