{"id":4974,"date":"2023-06-20T23:49:35","date_gmt":"2023-06-20T21:49:35","guid":{"rendered":"https:\/\/szentistvan.dnyem.hu\/?p=4974"},"modified":"2023-06-20T23:49:35","modified_gmt":"2023-06-20T21:49:35","slug":"a-plebania-epuletenek-felujitasa","status":"publish","type":"post","link":"https:\/\/szentistvan.dnyem.hu\/?p=4974","title":{"rendered":"A pl\u00e9b\u00e1nia \u00e9p\u00fclet\u00e9nek fel\u00faj\u00edt\u00e1sa"},"content":{"rendered":"\n<p>A pl\u00e9b\u00e1nia \u00e9p\u00fclet\u00e9nek fel\u00faj\u00edt\u00e1sa j\u00f3 \u00fctemben halad. A k\u00fcls\u0151 munk\u00e1latokkal v\u00e9geztek is a kivitelez\u0151k. Az utca fel\u0151li homlokzaton a ferences rend jelmondata: Pax et Bonum, azaz B\u00e9ke \u00e9s \u00c1ld\u00e1s \u00e9s a rendi k\u00f6z\u00f6ss\u00e9g jele, a <a href=\"https:\/\/www.ferenceslelkiseg.hu\/cikkek\/tau-kereszt\/\" target=\"_blank\" rel=\"noreferrer noopener\">TAU kereszt<\/a>, utalva arra, hogy ez az \u00e9p\u00fclet ferences kolostor volt.<\/p>\n","protected":false},"excerpt":{"rendered":"<p>A pl\u00e9b\u00e1nia \u00e9p\u00fclet\u00e9nek fel\u00faj\u00edt\u00e1sa j\u00f3 \u00fctemben halad. A k\u00fcls\u0151 munk\u00e1latokkal v\u00e9geztek is a kivitelez\u0151k. Az utca fel\u0151li homlokzaton a ferences rend jelmondata: Pax et Bonum,&#8230;<\/p>\n","protected":false},"author":2,"featured_media":0,"comment_status":"closed","ping_status":"open","sticky":false,"template":"","format":"standard","meta":[],"categories":[1,9,2],"tags":[],"_links":{"self":[{"href":"https:\/\/szentistvan.dnyem.hu\/index.php?rest_route=\/wp\/v2\/posts\/4974"}],"collection":[{"href":"https:\/\/szentistvan.dnyem.hu\/index.php?rest_route=\/wp\/v2\/posts"}],"about":[{"href":"https:\/\/szentistvan.dnyem.hu\/index.php?rest_route=\/wp\/v2\/types\/post"}],"author":[{"embeddable":true,"href":"https:\/\/szentistvan.dnyem.hu\/index.php?rest_route=\/wp\/v2\/users\/2"}],"replies":[{"embeddable":true,"href":"https:\/\/szentistvan.dnyem.hu\/index.php?rest_route=%2Fwp%2Fv2%2Fcomments&post=4974"}],"version-history":[{"count":1,"href":"https:\/\/szentistvan.dnyem.hu\/index.php?rest_route=\/wp\/v2\/posts\/4974\/revisions"}],"predecessor-version":[{"id":4975,"href":"https:\/\/szentistvan.dnyem.hu\/index.php?rest_route=\/wp\/v2\/posts\/4974\/revisions\/4975"}],"wp:attachment":[{"href":"https:\/\/szentistvan.dnyem.hu\/index.php?rest_route=%2Fwp%2Fv2%2Fmedia&parent=4974"}],"wp:term":[{"taxonomy":"category","embeddable":true,"href":"https:\/\/szentistvan.dnyem.hu\/index.php?rest_route=%2Fwp%2Fv2%2Fcategories&post=4974"},{"taxonomy":"post_tag","embeddable":true,"href":"https:\/\/szentistvan.dnyem.hu\/index.php?rest_route=%2Fwp%2Fv2%2Ftags&post=4974"}],"curies":[{"name":"wp","href":"https:\/\/api.w.org\/{rel}","templated":true}]}}