{"id":4972,"date":"2023-06-20T23:41:39","date_gmt":"2023-06-20T21:41:39","guid":{"rendered":"https:\/\/szentistvan.dnyem.hu\/?p=4972"},"modified":"2023-06-20T23:41:39","modified_gmt":"2023-06-20T21:41:39","slug":"papszenteles-2","status":"publish","type":"post","link":"https:\/\/szentistvan.dnyem.hu\/?p=4972","title":{"rendered":"Papszentel\u00e9s"},"content":{"rendered":"\n<p>A 2023-ban 30 \u00e9ves Debrecen &#8211; Ny\u00edregyh\u00e1zi Egyh\u00e1zmegy\u00e9ben a papszentel\u00e9s \u00fcnnepe j\u00fanius 24-\u00e9n (szombaton) a 10:00 \u00f3rakor kezd\u0151d\u0151 szentmis\u00e9ben lesz Ny\u00edregyh\u00e1z\u00e1n, a Magyarok Nagyasszonya t\u00e1rssz\u00e9kesegyh\u00e1zban, ahol Pal\u00e1nki Ferenc debrecen &#8211; ny\u00edregyh\u00e1zi megy\u00e9sp\u00fcsp\u00f6k \u00e1ldoz\u00f3papp\u00e1 szenteli Csap\u00f3 M\u00e1rton \u00e9s Mike Ervin diak\u00f3nusokat.<\/p>\n\n\n\n<p>Buzg\u00f3n im\u00e1dkozzunk \u00e9rt\u00fck \u00e9s \u00faj papi \u00e9s szerzetesi hivat\u00e1sok\u00e9rt!<\/p>\n","protected":false},"excerpt":{"rendered":"<p>A 2023-ban 30 \u00e9ves Debrecen &#8211; Ny\u00edregyh\u00e1zi Egyh\u00e1zmegy\u00e9ben a papszentel\u00e9s \u00fcnnepe j\u00fanius 24-\u00e9n (szombaton) a 10:00 \u00f3rakor kezd\u0151d\u0151 szentmis\u00e9ben lesz Ny\u00edregyh\u00e1z\u00e1n, a Magyarok Nagyasszonya t\u00e1rssz\u00e9kesegyh\u00e1zban,&#8230;<\/p>\n","protected":false},"author":2,"featured_media":0,"comment_status":"closed","ping_status":"open","sticky":false,"template":"","format":"standard","meta":[],"categories":[1,9,2],"tags":[],"_links":{"self":[{"href":"https:\/\/szentistvan.dnyem.hu\/index.php?rest_route=\/wp\/v2\/posts\/4972"}],"collection":[{"href":"https:\/\/szentistvan.dnyem.hu\/index.php?rest_route=\/wp\/v2\/posts"}],"about":[{"href":"https:\/\/szentistvan.dnyem.hu\/index.php?rest_route=\/wp\/v2\/types\/post"}],"author":[{"embeddable":true,"href":"https:\/\/szentistvan.dnyem.hu\/index.php?rest_route=\/wp\/v2\/users\/2"}],"replies":[{"embeddable":true,"href":"https:\/\/szentistvan.dnyem.hu\/index.php?rest_route=%2Fwp%2Fv2%2Fcomments&post=4972"}],"version-history":[{"count":1,"href":"https:\/\/szentistvan.dnyem.hu\/index.php?rest_route=\/wp\/v2\/posts\/4972\/revisions"}],"predecessor-version":[{"id":4973,"href":"https:\/\/szentistvan.dnyem.hu\/index.php?rest_route=\/wp\/v2\/posts\/4972\/revisions\/4973"}],"wp:attachment":[{"href":"https:\/\/szentistvan.dnyem.hu\/index.php?rest_route=%2Fwp%2Fv2%2Fmedia&parent=4972"}],"wp:term":[{"taxonomy":"category","embeddable":true,"href":"https:\/\/szentistvan.dnyem.hu\/index.php?rest_route=%2Fwp%2Fv2%2Fcategories&post=4972"},{"taxonomy":"post_tag","embeddable":true,"href":"https:\/\/szentistvan.dnyem.hu\/index.php?rest_route=%2Fwp%2Fv2%2Ftags&post=4972"}],"curies":[{"name":"wp","href":"https:\/\/api.w.org\/{rel}","templated":true}]}}