{"id":496,"date":"2015-11-22T16:27:07","date_gmt":"2015-11-22T15:27:07","guid":{"rendered":"http:\/\/szentistvan.dnyem.hu\/?p=496"},"modified":"2015-11-22T16:27:07","modified_gmt":"2015-11-22T15:27:07","slug":"karacsonyi-konyvvasar","status":"publish","type":"post","link":"https:\/\/szentistvan.dnyem.hu\/?p=496","title":{"rendered":"Kar\u00e1csonyi k\u00f6nyvv\u00e1s\u00e1r"},"content":{"rendered":"<p><strong>Az Egyh\u00e1zmegyei K\u00f6nyvt\u00e1r kar\u00e1csonyi k\u00f6nyvv\u00e1s\u00e1rt hirdet duplum p\u00e9ld\u00e1nyaib\u00f3l.<\/strong> Gazdag v\u00e1laszt\u00e9kkal (sz\u00e9pirodalom, teol\u00f3gia, lelkis\u00e9g, szentek \u00e9lete, liturgia, \u00e9letrajzok, gyermekk\u00f6nyvek, stb.) v\u00e1rj\u00e1k az \u00e9rdekl\u0151d\u0151ket az al\u00e1bbi helyen \u00e9s id\u0151pontban<\/p>\n<p><strong>C\u00edm:<\/strong> Db. Varga u. 17.<\/p>\n<p><strong>Nyitvatart\u00e1s:<\/strong><br \/>\nKedden: 14 \u2013 17:30 k\u00f6z\u00f6tt;<br \/>\nm\u00e1s munkanapokon: 9:00 \u2013 12:30-k\u00f6z\u00f6tt.<\/p>\n","protected":false},"excerpt":{"rendered":"<p>Az Egyh\u00e1zmegyei K\u00f6nyvt\u00e1r kar\u00e1csonyi k\u00f6nyvv\u00e1s\u00e1rt hirdet duplum p\u00e9ld\u00e1nyaib\u00f3l. Gazdag v\u00e1laszt\u00e9kkal (sz\u00e9pirodalom, teol\u00f3gia, lelkis\u00e9g, szentek \u00e9lete, liturgia, \u00e9letrajzok, gyermekk\u00f6nyvek, stb.) v\u00e1rj\u00e1k az \u00e9rdekl\u0151d\u0151ket az al\u00e1bbi helyen&#8230;<\/p>\n","protected":false},"author":2,"featured_media":0,"comment_status":"closed","ping_status":"open","sticky":false,"template":"","format":"standard","meta":[],"categories":[4],"tags":[],"_links":{"self":[{"href":"https:\/\/szentistvan.dnyem.hu\/index.php?rest_route=\/wp\/v2\/posts\/496"}],"collection":[{"href":"https:\/\/szentistvan.dnyem.hu\/index.php?rest_route=\/wp\/v2\/posts"}],"about":[{"href":"https:\/\/szentistvan.dnyem.hu\/index.php?rest_route=\/wp\/v2\/types\/post"}],"author":[{"embeddable":true,"href":"https:\/\/szentistvan.dnyem.hu\/index.php?rest_route=\/wp\/v2\/users\/2"}],"replies":[{"embeddable":true,"href":"https:\/\/szentistvan.dnyem.hu\/index.php?rest_route=%2Fwp%2Fv2%2Fcomments&post=496"}],"version-history":[{"count":1,"href":"https:\/\/szentistvan.dnyem.hu\/index.php?rest_route=\/wp\/v2\/posts\/496\/revisions"}],"predecessor-version":[{"id":497,"href":"https:\/\/szentistvan.dnyem.hu\/index.php?rest_route=\/wp\/v2\/posts\/496\/revisions\/497"}],"wp:attachment":[{"href":"https:\/\/szentistvan.dnyem.hu\/index.php?rest_route=%2Fwp%2Fv2%2Fmedia&parent=496"}],"wp:term":[{"taxonomy":"category","embeddable":true,"href":"https:\/\/szentistvan.dnyem.hu\/index.php?rest_route=%2Fwp%2Fv2%2Fcategories&post=496"},{"taxonomy":"post_tag","embeddable":true,"href":"https:\/\/szentistvan.dnyem.hu\/index.php?rest_route=%2Fwp%2Fv2%2Ftags&post=496"}],"curies":[{"name":"wp","href":"https:\/\/api.w.org\/{rel}","templated":true}]}}