{"id":4946,"date":"2023-06-02T19:23:26","date_gmt":"2023-06-02T17:23:26","guid":{"rendered":"https:\/\/szentistvan.dnyem.hu\/?p=4946"},"modified":"2023-06-02T19:23:26","modified_gmt":"2023-06-02T17:23:26","slug":"urnapja-4","status":"publish","type":"post","link":"https:\/\/szentistvan.dnyem.hu\/?p=4946","title":{"rendered":"\u00darnapja"},"content":{"rendered":"\n<p><strong>K\u00f6zeledik <a rel=\"noreferrer noopener\" href=\"http:\/\/lexikon.katolikus.hu\/U\/%C3%9Arnapja.html\" target=\"_blank\">\u00darnapja<\/a><\/strong>, ez\u00e9rt k\u00e9rj\u00fck a kedves h\u00edveket, hogy az \u00fcnnepi k\u00f6rmenethez m\u00e1r most gy\u0171jtsenek vir\u00e1gszirmokat. A gyermekeket m\u00e1r most k\u00e9rj\u00fck, hogy a k\u00f6rmenet alatt a vir\u00e1gszirmok sz\u00f3r\u00e1s\u00e1ban seg\u00e9dkezzenek. A h\u00edveket pedig arra k\u00e9rj\u00fck, hogy erre a napra mindenki egy sz\u00e1l vir\u00e1got is hozzon mag\u00e1val.<\/p>\n","protected":false},"excerpt":{"rendered":"<p>K\u00f6zeledik \u00darnapja, ez\u00e9rt k\u00e9rj\u00fck a kedves h\u00edveket, hogy az \u00fcnnepi k\u00f6rmenethez m\u00e1r most gy\u0171jtsenek vir\u00e1gszirmokat. A gyermekeket m\u00e1r most k\u00e9rj\u00fck, hogy a k\u00f6rmenet alatt a&#8230;<\/p>\n","protected":false},"author":2,"featured_media":0,"comment_status":"closed","ping_status":"open","sticky":false,"template":"","format":"standard","meta":[],"categories":[1,9,2],"tags":[],"_links":{"self":[{"href":"https:\/\/szentistvan.dnyem.hu\/index.php?rest_route=\/wp\/v2\/posts\/4946"}],"collection":[{"href":"https:\/\/szentistvan.dnyem.hu\/index.php?rest_route=\/wp\/v2\/posts"}],"about":[{"href":"https:\/\/szentistvan.dnyem.hu\/index.php?rest_route=\/wp\/v2\/types\/post"}],"author":[{"embeddable":true,"href":"https:\/\/szentistvan.dnyem.hu\/index.php?rest_route=\/wp\/v2\/users\/2"}],"replies":[{"embeddable":true,"href":"https:\/\/szentistvan.dnyem.hu\/index.php?rest_route=%2Fwp%2Fv2%2Fcomments&post=4946"}],"version-history":[{"count":1,"href":"https:\/\/szentistvan.dnyem.hu\/index.php?rest_route=\/wp\/v2\/posts\/4946\/revisions"}],"predecessor-version":[{"id":4947,"href":"https:\/\/szentistvan.dnyem.hu\/index.php?rest_route=\/wp\/v2\/posts\/4946\/revisions\/4947"}],"wp:attachment":[{"href":"https:\/\/szentistvan.dnyem.hu\/index.php?rest_route=%2Fwp%2Fv2%2Fmedia&parent=4946"}],"wp:term":[{"taxonomy":"category","embeddable":true,"href":"https:\/\/szentistvan.dnyem.hu\/index.php?rest_route=%2Fwp%2Fv2%2Fcategories&post=4946"},{"taxonomy":"post_tag","embeddable":true,"href":"https:\/\/szentistvan.dnyem.hu\/index.php?rest_route=%2Fwp%2Fv2%2Ftags&post=4946"}],"curies":[{"name":"wp","href":"https:\/\/api.w.org\/{rel}","templated":true}]}}