{"id":4937,"date":"2023-05-25T09:16:59","date_gmt":"2023-05-25T07:16:59","guid":{"rendered":"https:\/\/szentistvan.dnyem.hu\/?p=4937"},"modified":"2023-05-25T09:16:59","modified_gmt":"2023-05-25T07:16:59","slug":"talalkozo-dr-joseph-vadakkel-atyaval","status":"publish","type":"post","link":"https:\/\/szentistvan.dnyem.hu\/?p=4937","title":{"rendered":"Tal\u00e1lkoz\u00f3 dr. Joseph Vadakkel aty\u00e1val"},"content":{"rendered":"\n<p>A vil\u00e1gszerte ismert, indiai sz\u00e1rmaz\u00e1s\u00fa <a rel=\"noreferrer noopener\" href=\"http:\/\/www.hegykozi-lelkigyakorlat.hu\/fr-dr-joseph-vadakkel\/\" target=\"_blank\">dr. Joseph Vadakkel<\/a> atya, az Eucharisztia misszion\u00e1riusa Magyarorsz\u00e1gra l\u00e1togat. Misszi\u00f3s \u00fatja sor\u00e1n Debrecenben, <strong>a Szent Anna sz\u00e9kesegyh\u00e1zban is tal\u00e1lkozhatunk vele m\u00e1jus 25-\u00e9n, p\u00fcnk\u00f6sd el\u0151tti cs\u00fct\u00f6rt\u00f6k\u00f6n, 17:30-t\u00f3l. <\/strong><\/p>\n\n\n\n<p>A tal\u00e1lkoz\u00f3 r\u00f3zsaf\u00fcz\u00e9r-im\u00e1dkoz\u00e1ssal kezd\u0151dik, ezut\u00e1n szentmise, tan\u00edt\u00e1s, szents\u00e9gim\u00e1d\u00e1s, gy\u00f3gy\u00edt\u00f3 ima lesz, v\u00e9g\u00fcl a jelenl\u00e9v\u0151k egyenk\u00e9nt szents\u00e9gi \u00e1ld\u00e1sban r\u00e9szes\u00fclnek.<\/p>\n\n\n\n<p> <strong>A program kb. 20:30-ig tart.<\/strong><\/p>\n","protected":false},"excerpt":{"rendered":"<p>A vil\u00e1gszerte ismert, indiai sz\u00e1rmaz\u00e1s\u00fa dr. Joseph Vadakkel atya, az Eucharisztia misszion\u00e1riusa Magyarorsz\u00e1gra l\u00e1togat. Misszi\u00f3s \u00fatja sor\u00e1n Debrecenben, a Szent Anna sz\u00e9kesegyh\u00e1zban is tal\u00e1lkozhatunk vele&#8230;<\/p>\n","protected":false},"author":2,"featured_media":0,"comment_status":"closed","ping_status":"open","sticky":false,"template":"","format":"standard","meta":[],"categories":[1,9,2],"tags":[],"_links":{"self":[{"href":"https:\/\/szentistvan.dnyem.hu\/index.php?rest_route=\/wp\/v2\/posts\/4937"}],"collection":[{"href":"https:\/\/szentistvan.dnyem.hu\/index.php?rest_route=\/wp\/v2\/posts"}],"about":[{"href":"https:\/\/szentistvan.dnyem.hu\/index.php?rest_route=\/wp\/v2\/types\/post"}],"author":[{"embeddable":true,"href":"https:\/\/szentistvan.dnyem.hu\/index.php?rest_route=\/wp\/v2\/users\/2"}],"replies":[{"embeddable":true,"href":"https:\/\/szentistvan.dnyem.hu\/index.php?rest_route=%2Fwp%2Fv2%2Fcomments&post=4937"}],"version-history":[{"count":1,"href":"https:\/\/szentistvan.dnyem.hu\/index.php?rest_route=\/wp\/v2\/posts\/4937\/revisions"}],"predecessor-version":[{"id":4938,"href":"https:\/\/szentistvan.dnyem.hu\/index.php?rest_route=\/wp\/v2\/posts\/4937\/revisions\/4938"}],"wp:attachment":[{"href":"https:\/\/szentistvan.dnyem.hu\/index.php?rest_route=%2Fwp%2Fv2%2Fmedia&parent=4937"}],"wp:term":[{"taxonomy":"category","embeddable":true,"href":"https:\/\/szentistvan.dnyem.hu\/index.php?rest_route=%2Fwp%2Fv2%2Fcategories&post=4937"},{"taxonomy":"post_tag","embeddable":true,"href":"https:\/\/szentistvan.dnyem.hu\/index.php?rest_route=%2Fwp%2Fv2%2Ftags&post=4937"}],"curies":[{"name":"wp","href":"https:\/\/api.w.org\/{rel}","templated":true}]}}