{"id":4931,"date":"2023-05-18T20:44:35","date_gmt":"2023-05-18T18:44:35","guid":{"rendered":"https:\/\/szentistvan.dnyem.hu\/?p=4931"},"modified":"2023-05-18T20:44:35","modified_gmt":"2023-05-18T18:44:35","slug":"katolikus-bal","status":"publish","type":"post","link":"https:\/\/szentistvan.dnyem.hu\/?p=4931","title":{"rendered":"Katolikus b\u00e1l"},"content":{"rendered":"\n<p><a rel=\"noreferrer noopener\" href=\"https:\/\/www.dnyem.hu\/programok\/katolikus-bal-debrecenben-30-eves-a-debrecen-nyiregyhazi-egyhazmegye\/\" target=\"_blank\">Katolikus b\u00e1lt<\/a> rendeznek a Debrecen &#8211; Ny\u00edregyh\u00e1zi Egyh\u00e1zmegye megalap\u00edt\u00e1s\u00e1nak 30. \u00e9vfordul\u00f3ja alkalm\u00e1b\u00f3l m\u00e1jus 19-\u00e9n Debrecenben, a K\u00f6lcsey K\u00f6zpont b\u00e1lterm\u00e9ben. A bel\u00e9p\u0151d\u00edj 15000 Ft. Jegyek kaphat\u00f3k a pl\u00e9b\u00e1nosokn\u00e1l vagy a p\u00fcsp\u00f6ki hivatalban. A pl\u00e9b\u00e1nia h\u00edvei r\u00e9sz\u00e9re 30 db jegyet k\u00e9rtem el\u0151zetesen.<\/p>\n","protected":false},"excerpt":{"rendered":"<p>Katolikus b\u00e1lt rendeznek a Debrecen &#8211; Ny\u00edregyh\u00e1zi Egyh\u00e1zmegye megalap\u00edt\u00e1s\u00e1nak 30. \u00e9vfordul\u00f3ja alkalm\u00e1b\u00f3l m\u00e1jus 19-\u00e9n Debrecenben, a K\u00f6lcsey K\u00f6zpont b\u00e1lterm\u00e9ben. A bel\u00e9p\u0151d\u00edj 15000 Ft. Jegyek kaphat\u00f3k&#8230;<\/p>\n","protected":false},"author":2,"featured_media":0,"comment_status":"closed","ping_status":"open","sticky":false,"template":"","format":"standard","meta":[],"categories":[1,2],"tags":[],"_links":{"self":[{"href":"https:\/\/szentistvan.dnyem.hu\/index.php?rest_route=\/wp\/v2\/posts\/4931"}],"collection":[{"href":"https:\/\/szentistvan.dnyem.hu\/index.php?rest_route=\/wp\/v2\/posts"}],"about":[{"href":"https:\/\/szentistvan.dnyem.hu\/index.php?rest_route=\/wp\/v2\/types\/post"}],"author":[{"embeddable":true,"href":"https:\/\/szentistvan.dnyem.hu\/index.php?rest_route=\/wp\/v2\/users\/2"}],"replies":[{"embeddable":true,"href":"https:\/\/szentistvan.dnyem.hu\/index.php?rest_route=%2Fwp%2Fv2%2Fcomments&post=4931"}],"version-history":[{"count":1,"href":"https:\/\/szentistvan.dnyem.hu\/index.php?rest_route=\/wp\/v2\/posts\/4931\/revisions"}],"predecessor-version":[{"id":4932,"href":"https:\/\/szentistvan.dnyem.hu\/index.php?rest_route=\/wp\/v2\/posts\/4931\/revisions\/4932"}],"wp:attachment":[{"href":"https:\/\/szentistvan.dnyem.hu\/index.php?rest_route=%2Fwp%2Fv2%2Fmedia&parent=4931"}],"wp:term":[{"taxonomy":"category","embeddable":true,"href":"https:\/\/szentistvan.dnyem.hu\/index.php?rest_route=%2Fwp%2Fv2%2Fcategories&post=4931"},{"taxonomy":"post_tag","embeddable":true,"href":"https:\/\/szentistvan.dnyem.hu\/index.php?rest_route=%2Fwp%2Fv2%2Ftags&post=4931"}],"curies":[{"name":"wp","href":"https:\/\/api.w.org\/{rel}","templated":true}]}}