{"id":493,"date":"2015-11-22T16:23:14","date_gmt":"2015-11-22T15:23:14","guid":{"rendered":"http:\/\/szentistvan.dnyem.hu\/?p=493"},"modified":"2015-11-22T16:23:14","modified_gmt":"2015-11-22T15:23:14","slug":"varosi-adventi-koszoru","status":"publish","type":"post","link":"https:\/\/szentistvan.dnyem.hu\/?p=493","title":{"rendered":"V\u00e1rosi adventi koszor\u00fa"},"content":{"rendered":"<p>November 29-\u00e9n (vas\u00e1rnap) 17:00-kor a v\u00e1rosi adventi koszor\u00fa 1. gyerty\u00e1j\u00e1nak meggy\u00fajt\u00e1sa 3 p\u00fcsp\u00f6k r\u00e9szv\u00e9tel\u00e9vel a Kossuth t\u00e9ren.<\/p>\n","protected":false},"excerpt":{"rendered":"<p>November 29-\u00e9n (vas\u00e1rnap) 17:00-kor a v\u00e1rosi adventi koszor\u00fa 1. gyerty\u00e1j\u00e1nak meggy\u00fajt\u00e1sa 3 p\u00fcsp\u00f6k r\u00e9szv\u00e9tel\u00e9vel a Kossuth t\u00e9ren.<\/p>\n","protected":false},"author":2,"featured_media":494,"comment_status":"closed","ping_status":"open","sticky":false,"template":"","format":"standard","meta":[],"categories":[2],"tags":[],"_links":{"self":[{"href":"https:\/\/szentistvan.dnyem.hu\/index.php?rest_route=\/wp\/v2\/posts\/493"}],"collection":[{"href":"https:\/\/szentistvan.dnyem.hu\/index.php?rest_route=\/wp\/v2\/posts"}],"about":[{"href":"https:\/\/szentistvan.dnyem.hu\/index.php?rest_route=\/wp\/v2\/types\/post"}],"author":[{"embeddable":true,"href":"https:\/\/szentistvan.dnyem.hu\/index.php?rest_route=\/wp\/v2\/users\/2"}],"replies":[{"embeddable":true,"href":"https:\/\/szentistvan.dnyem.hu\/index.php?rest_route=%2Fwp%2Fv2%2Fcomments&post=493"}],"version-history":[{"count":1,"href":"https:\/\/szentistvan.dnyem.hu\/index.php?rest_route=\/wp\/v2\/posts\/493\/revisions"}],"predecessor-version":[{"id":495,"href":"https:\/\/szentistvan.dnyem.hu\/index.php?rest_route=\/wp\/v2\/posts\/493\/revisions\/495"}],"wp:featuredmedia":[{"embeddable":true,"href":"https:\/\/szentistvan.dnyem.hu\/index.php?rest_route=\/wp\/v2\/media\/494"}],"wp:attachment":[{"href":"https:\/\/szentistvan.dnyem.hu\/index.php?rest_route=%2Fwp%2Fv2%2Fmedia&parent=493"}],"wp:term":[{"taxonomy":"category","embeddable":true,"href":"https:\/\/szentistvan.dnyem.hu\/index.php?rest_route=%2Fwp%2Fv2%2Fcategories&post=493"},{"taxonomy":"post_tag","embeddable":true,"href":"https:\/\/szentistvan.dnyem.hu\/index.php?rest_route=%2Fwp%2Fv2%2Ftags&post=493"}],"curies":[{"name":"wp","href":"https:\/\/api.w.org\/{rel}","templated":true}]}}