{"id":4926,"date":"2023-05-08T12:21:37","date_gmt":"2023-05-08T10:21:37","guid":{"rendered":"https:\/\/szentistvan.dnyem.hu\/?p=4926"},"modified":"2023-05-08T12:21:37","modified_gmt":"2023-05-08T10:21:37","slug":"lorettoi-litania","status":"publish","type":"post","link":"https:\/\/szentistvan.dnyem.hu\/?p=4926","title":{"rendered":"Lorett\u00f3i lit\u00e1nia"},"content":{"rendered":"\n<p>M\u00e1jus h\u00f3nap a Sz\u0171z Any\u00e1nak szentelt h\u00f3nap, \u00edgy az \u0151t k\u00f6sz\u00f6nt\u0151 <a rel=\"noreferrer noopener\" href=\"http:\/\/oratio.hu\/l-maria01.php\" target=\"_blank\">lorett\u00f3i lit\u00e1ni\u00e1t<\/a> minden szentmise el\u0151tt elim\u00e1dkozzuk. Ez\u00e9rt a r\u00f3zsaf\u00fcz\u00e9r im\u00e1ds\u00e1g negyed \u00f3r\u00e1val kor\u00e1bban kezd\u0151dik. Vas\u00e1rnaponk\u00e9nt pedig a szentmise el\u0151tt negyed\u00f3r\u00e1val im\u00e1dkozzuk a lorett\u00f3i lit\u00e1ni\u00e1t.<\/p>\n","protected":false},"excerpt":{"rendered":"<p>M\u00e1jus h\u00f3nap a Sz\u0171z Any\u00e1nak szentelt h\u00f3nap, \u00edgy az \u0151t k\u00f6sz\u00f6nt\u0151 lorett\u00f3i lit\u00e1ni\u00e1t minden szentmise el\u0151tt elim\u00e1dkozzuk. Ez\u00e9rt a r\u00f3zsaf\u00fcz\u00e9r im\u00e1ds\u00e1g negyed \u00f3r\u00e1val kor\u00e1bban kezd\u0151dik&#8230;.<\/p>\n","protected":false},"author":2,"featured_media":0,"comment_status":"closed","ping_status":"open","sticky":false,"template":"","format":"standard","meta":[],"categories":[1,9,2],"tags":[],"_links":{"self":[{"href":"https:\/\/szentistvan.dnyem.hu\/index.php?rest_route=\/wp\/v2\/posts\/4926"}],"collection":[{"href":"https:\/\/szentistvan.dnyem.hu\/index.php?rest_route=\/wp\/v2\/posts"}],"about":[{"href":"https:\/\/szentistvan.dnyem.hu\/index.php?rest_route=\/wp\/v2\/types\/post"}],"author":[{"embeddable":true,"href":"https:\/\/szentistvan.dnyem.hu\/index.php?rest_route=\/wp\/v2\/users\/2"}],"replies":[{"embeddable":true,"href":"https:\/\/szentistvan.dnyem.hu\/index.php?rest_route=%2Fwp%2Fv2%2Fcomments&post=4926"}],"version-history":[{"count":1,"href":"https:\/\/szentistvan.dnyem.hu\/index.php?rest_route=\/wp\/v2\/posts\/4926\/revisions"}],"predecessor-version":[{"id":4927,"href":"https:\/\/szentistvan.dnyem.hu\/index.php?rest_route=\/wp\/v2\/posts\/4926\/revisions\/4927"}],"wp:attachment":[{"href":"https:\/\/szentistvan.dnyem.hu\/index.php?rest_route=%2Fwp%2Fv2%2Fmedia&parent=4926"}],"wp:term":[{"taxonomy":"category","embeddable":true,"href":"https:\/\/szentistvan.dnyem.hu\/index.php?rest_route=%2Fwp%2Fv2%2Fcategories&post=4926"},{"taxonomy":"post_tag","embeddable":true,"href":"https:\/\/szentistvan.dnyem.hu\/index.php?rest_route=%2Fwp%2Fv2%2Ftags&post=4926"}],"curies":[{"name":"wp","href":"https:\/\/api.w.org\/{rel}","templated":true}]}}