{"id":4919,"date":"2023-04-26T15:54:48","date_gmt":"2023-04-26T13:54:48","guid":{"rendered":"https:\/\/szentistvan.dnyem.hu\/?p=4919"},"modified":"2023-04-26T15:54:48","modified_gmt":"2023-04-26T13:54:48","slug":"aprilis-30-i-szentmise","status":"publish","type":"post","link":"https:\/\/szentistvan.dnyem.hu\/?p=4919","title":{"rendered":"\u00c1prilis 30-i szentmise"},"content":{"rendered":"\n<p>\u00c1prilis 30-\u00e9n, vas\u00e1rnap is lesz szentmise a Szent Istv\u00e1n templomban, amelyet<strong> \u00c1ment Luk\u00e1cs OSB benc\u00e9s szerzetes, tan\u00e1r, orgonam\u0171v\u00e9sz mutat be<\/strong>.<strong> A szentmise ut\u00e1n lesz a j\u00f3 term\u00e9s\u00e9rt val\u00f3 \u00e1jtatoss\u00e1g, a b\u00fazaszentel\u00e9s. <\/strong>Akik nem tudnak j\u00f6nni a p\u00e1pal\u00e1togat\u00e1sra, vegyenek r\u00e9szt a vas\u00e1rnapi szentmis\u00e9n, illetve a p\u00e1pal\u00e1togat\u00e1s esem\u00e9nyeit k\u00f6vess\u00e9k a h\u00edrk\u00f6zl\u0151 csatorn\u00e1kon.<\/p>\n","protected":false},"excerpt":{"rendered":"<p>\u00c1prilis 30-\u00e9n, vas\u00e1rnap is lesz szentmise a Szent Istv\u00e1n templomban, amelyet \u00c1ment Luk\u00e1cs OSB benc\u00e9s szerzetes, tan\u00e1r, orgonam\u0171v\u00e9sz mutat be. A szentmise ut\u00e1n lesz a&#8230;<\/p>\n","protected":false},"author":2,"featured_media":0,"comment_status":"closed","ping_status":"open","sticky":false,"template":"","format":"standard","meta":[],"categories":[1,9,2],"tags":[],"_links":{"self":[{"href":"https:\/\/szentistvan.dnyem.hu\/index.php?rest_route=\/wp\/v2\/posts\/4919"}],"collection":[{"href":"https:\/\/szentistvan.dnyem.hu\/index.php?rest_route=\/wp\/v2\/posts"}],"about":[{"href":"https:\/\/szentistvan.dnyem.hu\/index.php?rest_route=\/wp\/v2\/types\/post"}],"author":[{"embeddable":true,"href":"https:\/\/szentistvan.dnyem.hu\/index.php?rest_route=\/wp\/v2\/users\/2"}],"replies":[{"embeddable":true,"href":"https:\/\/szentistvan.dnyem.hu\/index.php?rest_route=%2Fwp%2Fv2%2Fcomments&post=4919"}],"version-history":[{"count":1,"href":"https:\/\/szentistvan.dnyem.hu\/index.php?rest_route=\/wp\/v2\/posts\/4919\/revisions"}],"predecessor-version":[{"id":4920,"href":"https:\/\/szentistvan.dnyem.hu\/index.php?rest_route=\/wp\/v2\/posts\/4919\/revisions\/4920"}],"wp:attachment":[{"href":"https:\/\/szentistvan.dnyem.hu\/index.php?rest_route=%2Fwp%2Fv2%2Fmedia&parent=4919"}],"wp:term":[{"taxonomy":"category","embeddable":true,"href":"https:\/\/szentistvan.dnyem.hu\/index.php?rest_route=%2Fwp%2Fv2%2Fcategories&post=4919"},{"taxonomy":"post_tag","embeddable":true,"href":"https:\/\/szentistvan.dnyem.hu\/index.php?rest_route=%2Fwp%2Fv2%2Ftags&post=4919"}],"curies":[{"name":"wp","href":"https:\/\/api.w.org\/{rel}","templated":true}]}}