{"id":4908,"date":"2023-04-19T09:35:22","date_gmt":"2023-04-19T07:35:22","guid":{"rendered":"https:\/\/szentistvan.dnyem.hu\/?p=4908"},"modified":"2023-04-19T09:35:22","modified_gmt":"2023-04-19T07:35:22","slug":"elsoaldozas-4","status":"publish","type":"post","link":"https:\/\/szentistvan.dnyem.hu\/?p=4908","title":{"rendered":"Els\u0151\u00e1ldoz\u00e1s"},"content":{"rendered":"\n<p>Akik ebben az \u00e9vben szeretn\u00e9nek az els\u0151 szent\u00e1ldoz\u00e1shoz j\u00e1rulni, k\u00e9rjenek adatlapot a sekresty\u00e9ben.<\/p>\n\n\n\n<p><strong>Az els\u0151\u00e1ldoz\u00e1s m\u00e1jus 21-\u00e9n, Urunk Mennybemenetel\u00e9nek napj\u00e1n lesz.<\/strong><\/p>\n","protected":false},"excerpt":{"rendered":"<p>Akik ebben az \u00e9vben szeretn\u00e9nek az els\u0151 szent\u00e1ldoz\u00e1shoz j\u00e1rulni, k\u00e9rjenek adatlapot a sekresty\u00e9ben. Az els\u0151\u00e1ldoz\u00e1s m\u00e1jus 21-\u00e9n, Urunk Mennybemenetel\u00e9nek napj\u00e1n lesz.<\/p>\n","protected":false},"author":2,"featured_media":0,"comment_status":"closed","ping_status":"open","sticky":false,"template":"","format":"standard","meta":[],"categories":[1,9,2],"tags":[],"_links":{"self":[{"href":"https:\/\/szentistvan.dnyem.hu\/index.php?rest_route=\/wp\/v2\/posts\/4908"}],"collection":[{"href":"https:\/\/szentistvan.dnyem.hu\/index.php?rest_route=\/wp\/v2\/posts"}],"about":[{"href":"https:\/\/szentistvan.dnyem.hu\/index.php?rest_route=\/wp\/v2\/types\/post"}],"author":[{"embeddable":true,"href":"https:\/\/szentistvan.dnyem.hu\/index.php?rest_route=\/wp\/v2\/users\/2"}],"replies":[{"embeddable":true,"href":"https:\/\/szentistvan.dnyem.hu\/index.php?rest_route=%2Fwp%2Fv2%2Fcomments&post=4908"}],"version-history":[{"count":1,"href":"https:\/\/szentistvan.dnyem.hu\/index.php?rest_route=\/wp\/v2\/posts\/4908\/revisions"}],"predecessor-version":[{"id":4909,"href":"https:\/\/szentistvan.dnyem.hu\/index.php?rest_route=\/wp\/v2\/posts\/4908\/revisions\/4909"}],"wp:attachment":[{"href":"https:\/\/szentistvan.dnyem.hu\/index.php?rest_route=%2Fwp%2Fv2%2Fmedia&parent=4908"}],"wp:term":[{"taxonomy":"category","embeddable":true,"href":"https:\/\/szentistvan.dnyem.hu\/index.php?rest_route=%2Fwp%2Fv2%2Fcategories&post=4908"},{"taxonomy":"post_tag","embeddable":true,"href":"https:\/\/szentistvan.dnyem.hu\/index.php?rest_route=%2Fwp%2Fv2%2Ftags&post=4908"}],"curies":[{"name":"wp","href":"https:\/\/api.w.org\/{rel}","templated":true}]}}