{"id":4896,"date":"2023-04-10T23:56:50","date_gmt":"2023-04-10T21:56:50","guid":{"rendered":"https:\/\/szentistvan.dnyem.hu\/?p=4896"},"modified":"2023-04-10T23:56:50","modified_gmt":"2023-04-10T21:56:50","slug":"a-husveti-unnepi-szentmise","status":"publish","type":"post","link":"https:\/\/szentistvan.dnyem.hu\/?p=4896","title":{"rendered":"A h\u00fasv\u00e9ti \u00fcnnepi szentmise"},"content":{"rendered":"\n<p>L\u00e9v\u00e9n ez a vas\u00e1rnap az egyh\u00e1zi \u00e9v cs\u00facspontja, minden vas\u00e1rnapnak anyja \u00e9s forr\u00e1sa, ill\u0151, hogy <strong>ezen a napon a lehet\u0151 leg\u00fcnnep\u00e9lyesebb legyen a szentmise<\/strong>. Ez persze nem a k\u00fcls\u0151s\u00e9ges d\u00edsz\u00edt\u0151elemek halmoz\u00e1s\u00e1t kell hogy jelentse, hanem azt, hogy a liturgia bels\u0151 val\u00f3s\u00e1g\u00e1b\u00f3l fakad\u00f3 \u00fcnnep\u00e9lyess\u00e9g a legmesszemen\u0151bben \u00e9rv\u00e9nyes\u00fclj\u00f6n.<\/p>\n\n\n\n<p>Fontos p\u00e9ld\u00e1ul, hogy <strong>az introitus val\u00f3ban bevonul\u00e1s legyen,<\/strong> amely alatt az igazi introitus hangozz\u00e9k: \u201eFelt\u00e1madtam, \u00e9s \u00fajb\u00f3l veled vagyok, re\u00e1m tetted a kezedet, alleluja.\u201d J\u00e9zus els\u0151 szava ez Atyj\u00e1hoz felt\u00e1mad\u00e1sa ut\u00e1n; amint a kereszten haldokolva, \u00fagy dics\u0151s\u00e9g\u00e9be bel\u00e9pve is az Aty\u00e1hoz fordul, ism\u00e9t csak a zsolt\u00e1r szav\u00e1t v\u00e9ve ajk\u00e1ra. Akkor embers\u00e9g\u00e9ben \u00e1t\u00e9rezte az Istent\u0151l val\u00f3 t\u00e1vols\u00e1got, melyet a b\u0171n okozott, most ism\u00e9t vele van, visszavezetve a t\u00e9kozl\u00f3 emberis\u00e9get az atyai h\u00e1zba. Isten kez\u00e9nek eml\u00edt\u00e9se \u00fajb\u00f3l csak a teremt\u00e9sre utal, illetve a Szentl\u00e9lekre, akivel az Atya Krisztus test\u00e9t felt\u00e1masztotta az \u00f6r\u00f6k dics\u0151s\u00e9gre.<\/p>\n\n\n\n<p>Ez\u00fattal is igazol\u00f3dik, hogy <span style=\"text-decoration: underline;\"><strong>egy \u0151si introitust nem lehet helyettes\u00edteni a legsiker\u00fcltebb n\u00e9p\u00e9nekkel sem<\/strong><\/span>, amely minden sz\u00e9ps\u00e9g\u00e9vel egy\u00fctt sem tesz m\u00e1st, mint felid\u00e9zi, meg\u00e9nekli a felt\u00e1mad\u00e1s esem\u00e9ny\u00e9t. \u00c9rezz\u00fck, hogy itt sokkal t\u00f6bbr\u0151l van sz\u00f3: ez az \u00e9nek az isteni szem\u00e9lyek p\u00e1rbesz\u00e9d\u00e9nek egzisztenci\u00e1lis m\u00e9lys\u00e9g\u00e9be \u00e9s a k\u00f6z\u00f6tt\u00fck foly\u00f3 sz\u00fcntelen \u00e9let\u00e1rad\u00e1s magas\u00e1ba emel.<\/p>\n\n\n\n<p>Hasonl\u00f3 a helyzet a collect\u00e1val: \u201eIsten, ki a mai napon Egysz\u00fcl\u00f6tted \u00e1ltal a hal\u00e1lt legy\u0151zve az \u00f6r\u00f6kk\u00e9val\u00f3s\u00e1g kapuj\u00e1t sz\u00e1munkra megnyitottad, add nek\u00fcnk, k\u00e9r\u00fcnk, hogy akik az \u00dar felt\u00e1mad\u00e1s\u00e1nak \u00fcnnepeit \u00fclj\u00fck, a te Szentlelked meg\u00faj\u00edt\u00e1sa \u00e1ltal az \u00e9let vil\u00e1goss\u00e1g\u00e1ban felt\u00e1madjunk.\u201d<\/p>\n\n\n\n<p><strong>Az \u00fcnnepi szentmis\u00e9n \u00e9s H\u00fasv\u00e9t nyolcad\u00e1ban k\u00fcl\u00f6n figyelem illeti a keresztkutat, amely feld\u00edsz\u00edtve \u00e1ll, \u00e9s a h\u00fasv\u00e9ti gyerty\u00e1t<\/strong>, melynek l\u00e1ngja az eg\u00e9sz h\u00fasv\u00e9ti id\u0151ben minden szent cselekm\u00e9ny alkalm\u00e1val \u00e9g.<\/p>\n\n\n\n<p><a href=\"https:\/\/nepenektar.hu\/idoszak\/husvet\/liturgia\/250\/medit\/2014\/husvetvasarnap-barsi-dobszay\" target=\"_blank\" rel=\"noreferrer noopener\">Barsi Bal\u00e1zs \u2014 Dobszay L\u00e1szl\u00f3: H\u00fasv\u00e9tvas\u00e1rnap<\/a> &#8211; r\u00e9szlet<\/p>\n","protected":false},"excerpt":{"rendered":"<p>L\u00e9v\u00e9n ez a vas\u00e1rnap az egyh\u00e1zi \u00e9v cs\u00facspontja, minden vas\u00e1rnapnak anyja \u00e9s forr\u00e1sa, ill\u0151, hogy ezen a napon a lehet\u0151 leg\u00fcnnep\u00e9lyesebb legyen a szentmise. Ez&#8230;<\/p>\n","protected":false},"author":2,"featured_media":0,"comment_status":"closed","ping_status":"open","sticky":false,"template":"","format":"standard","meta":[],"categories":[1,11,9],"tags":[],"_links":{"self":[{"href":"https:\/\/szentistvan.dnyem.hu\/index.php?rest_route=\/wp\/v2\/posts\/4896"}],"collection":[{"href":"https:\/\/szentistvan.dnyem.hu\/index.php?rest_route=\/wp\/v2\/posts"}],"about":[{"href":"https:\/\/szentistvan.dnyem.hu\/index.php?rest_route=\/wp\/v2\/types\/post"}],"author":[{"embeddable":true,"href":"https:\/\/szentistvan.dnyem.hu\/index.php?rest_route=\/wp\/v2\/users\/2"}],"replies":[{"embeddable":true,"href":"https:\/\/szentistvan.dnyem.hu\/index.php?rest_route=%2Fwp%2Fv2%2Fcomments&post=4896"}],"version-history":[{"count":1,"href":"https:\/\/szentistvan.dnyem.hu\/index.php?rest_route=\/wp\/v2\/posts\/4896\/revisions"}],"predecessor-version":[{"id":4897,"href":"https:\/\/szentistvan.dnyem.hu\/index.php?rest_route=\/wp\/v2\/posts\/4896\/revisions\/4897"}],"wp:attachment":[{"href":"https:\/\/szentistvan.dnyem.hu\/index.php?rest_route=%2Fwp%2Fv2%2Fmedia&parent=4896"}],"wp:term":[{"taxonomy":"category","embeddable":true,"href":"https:\/\/szentistvan.dnyem.hu\/index.php?rest_route=%2Fwp%2Fv2%2Fcategories&post=4896"},{"taxonomy":"post_tag","embeddable":true,"href":"https:\/\/szentistvan.dnyem.hu\/index.php?rest_route=%2Fwp%2Fv2%2Ftags&post=4896"}],"curies":[{"name":"wp","href":"https:\/\/api.w.org\/{rel}","templated":true}]}}