{"id":489,"date":"2015-11-22T16:15:22","date_gmt":"2015-11-22T15:15:22","guid":{"rendered":"http:\/\/szentistvan.dnyem.hu\/?p=489"},"modified":"2015-11-22T16:15:22","modified_gmt":"2015-11-22T15:15:22","slug":"szakmai-konferencia-a-katolikus-nevelesrol","status":"publish","type":"post","link":"https:\/\/szentistvan.dnyem.hu\/?p=489","title":{"rendered":"Szakmai konferencia a katolikus nevel\u00e9sr\u0151l"},"content":{"rendered":"<p>November 27-\u00e9n (p\u00e9nteken) 9:30 \u00e9s 14:00 k\u00f6z\u00f6tt a<strong> Kereszt\u00e9ny \u00c9rtelmis\u00e9giek Sz\u00f6vets\u00e9ge debreceni csoportja szakmai konferenci\u00e1t tart a katolikus nevel\u00e9sr\u0151l Tettel, SzereTettel\u2026c\u00edmmel<\/strong> a debreceni 300 \u00e9ves Katolikus \u00dajj\u00e1sz\u00fclet\u00e9s Eml\u00e9k\u00e9v\u00e9nek tisztelet\u00e9re. T\u00e9m\u00e1ja: a cselekv\u0151 szeretet mint m\u00f3dszertani elem a szakmai hivat\u00e1sgyakorl\u00e1s t\u00fckr\u00e9ben a pedag\u00f3gia tev\u00e9kenys\u00e9gi ter\u00fcletein.<\/p>\n<p><strong>Helysz\u00edne a Megyeh\u00e1za \u00c1rp\u00e1d terme \u2013 Debrecen, Piac u. 54.<\/strong><\/p>\n<p>A konferenci\u00e1n val\u00f3 r\u00e9szv\u00e9tel d\u00edjtalan, el\u0151zetes regisztr\u00e1ci\u00f3 sz\u00fcks\u00e9ges.<\/p>\n","protected":false},"excerpt":{"rendered":"<p>November 27-\u00e9n (p\u00e9nteken) 9:30 \u00e9s 14:00 k\u00f6z\u00f6tt a Kereszt\u00e9ny \u00c9rtelmis\u00e9giek Sz\u00f6vets\u00e9ge debreceni csoportja szakmai konferenci\u00e1t tart a katolikus nevel\u00e9sr\u0151l Tettel, SzereTettel\u2026c\u00edmmel a debreceni 300 \u00e9ves&#8230;<\/p>\n","protected":false},"author":2,"featured_media":0,"comment_status":"closed","ping_status":"open","sticky":false,"template":"","format":"standard","meta":[],"categories":[2],"tags":[],"_links":{"self":[{"href":"https:\/\/szentistvan.dnyem.hu\/index.php?rest_route=\/wp\/v2\/posts\/489"}],"collection":[{"href":"https:\/\/szentistvan.dnyem.hu\/index.php?rest_route=\/wp\/v2\/posts"}],"about":[{"href":"https:\/\/szentistvan.dnyem.hu\/index.php?rest_route=\/wp\/v2\/types\/post"}],"author":[{"embeddable":true,"href":"https:\/\/szentistvan.dnyem.hu\/index.php?rest_route=\/wp\/v2\/users\/2"}],"replies":[{"embeddable":true,"href":"https:\/\/szentistvan.dnyem.hu\/index.php?rest_route=%2Fwp%2Fv2%2Fcomments&post=489"}],"version-history":[{"count":1,"href":"https:\/\/szentistvan.dnyem.hu\/index.php?rest_route=\/wp\/v2\/posts\/489\/revisions"}],"predecessor-version":[{"id":490,"href":"https:\/\/szentistvan.dnyem.hu\/index.php?rest_route=\/wp\/v2\/posts\/489\/revisions\/490"}],"wp:attachment":[{"href":"https:\/\/szentistvan.dnyem.hu\/index.php?rest_route=%2Fwp%2Fv2%2Fmedia&parent=489"}],"wp:term":[{"taxonomy":"category","embeddable":true,"href":"https:\/\/szentistvan.dnyem.hu\/index.php?rest_route=%2Fwp%2Fv2%2Fcategories&post=489"},{"taxonomy":"post_tag","embeddable":true,"href":"https:\/\/szentistvan.dnyem.hu\/index.php?rest_route=%2Fwp%2Fv2%2Ftags&post=489"}],"curies":[{"name":"wp","href":"https:\/\/api.w.org\/{rel}","templated":true}]}}