{"id":4889,"date":"2023-04-08T14:29:32","date_gmt":"2023-04-08T12:29:32","guid":{"rendered":"https:\/\/szentistvan.dnyem.hu\/?p=4889"},"modified":"2023-04-08T14:29:32","modified_gmt":"2023-04-08T12:29:32","slug":"husvet-kuszoben","status":"publish","type":"post","link":"https:\/\/szentistvan.dnyem.hu\/?p=4889","title":{"rendered":"H\u00fasv\u00e9t k\u00fcsz\u00f6b\u00e9n"},"content":{"rendered":"\n<p>A h\u00fasv\u00e9ti keresztel\u00e9s fel\u00e9 halad\u00f3 hittanul\u00f3nak \u00e9s vele az eg\u00e9sz Egyh\u00e1znak \u00fajra \u00e9s \u00fajra<br>tudatos\u00edtania kell, hogy a kereszts\u00e9g megvil\u00e1gosod\u00e1s \u2013 az isteni kinyilatkoztat\u00e1s elfogad\u00e1sa<br>\u00e1ltal t\u00f6rt\u00e9n\u0151 illuminatio. Ugyanakkor egyfajta f\u00e1jdalmas elszakad\u00e1s is mindazokt\u00f3l, akik nem<br>vil\u00e1gosodtak meg, \u00e9s nem l\u00e1tj\u00e1k meg J\u00e9zusban az \u00e9gb\u0151l j\u00f6tt Emberfi\u00e1t. <\/p>\n\n\n\n<p>M\u00e9g az Egyh\u00e1zon bel\u00fcl is, egy buzg\u00f3 egyh\u00e1zk\u00f6zs\u00e9gben vagy egy szigor\u00fa kolostorban is<br>mag\u00e1nyra van \u00edt\u00e9lve az, aki vil\u00e1gosabb l\u00e1t\u00e1sra jut a hitben. Az ilyen siessen J\u00e9zus el\u00e9.<br>Boruljon le el\u0151tte, tegyen hitvall\u00e1st, \u00e9s vele l\u00e9pjen olyan k\u00f6z\u00f6ss\u00e9gre, amely csendesen egyre<br>nagyobb vil\u00e1goss\u00e1got fog \u00e1rasztani k\u00f6rnyezet\u00e9re.<\/p>\n\n\n\n<p>N\u00e9zd J\u00e9zust: ez a szeml\u00e9l\u00e9s vezet be a Nagyh\u00e9t s a Szent H\u00e1romnap titk\u00e1ba.<strong> \u0150t szeml\u00e9lve<br>minden a hely\u00e9re ker\u00fcl \u00e9s elnyeri \u00e9rtelm\u00e9t.<\/strong> <\/p>\n\n\n\n<p>Ez a n\u00e9h\u00e1ny nap az igazi kereszt\u00e9ny lelkigyakorlat. Olyan l\u00e9lekkel kell k\u00e9sz\u00fcln\u00f6m r\u00e1,<br>mintha \u00e9letem utols\u00f3 H\u00fasv\u00e9tj\u00e1t \u00fcnnepeln\u00e9m itt a f\u00f6ld\u00f6n. F\u00e9lre kell tennem a legnemesebb<br>\u00fcgyeket, legfontosabb feladatokat is, h\u00e1tt\u00e9rbe szor\u00edtani az emberi szempontokat, \u00e9s szememet<br>J\u00e9zusra f\u00fcggeszteni. \u00cdgy tal\u00e1n azt is \u00e9szreveszem, amikor a k\u00ednz\u00e1sok k\u00f6zepette r\u00e1m tekint,<br>mint egykor P\u00e9terre, aki ett\u0151l a pillant\u00e1st\u00f3l \u00fajj\u00e1sz\u00fcletett a b\u0171nb\u00e1nat k\u00f6nnyeiben.<\/p>\n\n\n\n<p><a href=\"http:\/\/www.ppek.hu\/konyvek\/Barsi_Balazs_Magassag_es_melyseg_Advent_Karacsony_Nagybojt_Husvet_1.pdf\" target=\"_blank\" rel=\"noreferrer noopener\">Barsi Bal\u00e1zs &#8211; Telek P\u00e9ter &#8211; P\u00e1l: Magass\u00e1g \u00e9s m\u00e9lys\u00e9g &#8211; Szent id\u0151k (Advent, Kar\u00e1csony, Nagyb\u00f6jt, H\u00fasv\u00e9t) &#8211; r\u00e9szletek<\/a><\/p>\n","protected":false},"excerpt":{"rendered":"<p>A h\u00fasv\u00e9ti keresztel\u00e9s fel\u00e9 halad\u00f3 hittanul\u00f3nak \u00e9s vele az eg\u00e9sz Egyh\u00e1znak \u00fajra \u00e9s \u00fajratudatos\u00edtania kell, hogy a kereszts\u00e9g megvil\u00e1gosod\u00e1s \u2013 az isteni kinyilatkoztat\u00e1s elfogad\u00e1sa\u00e1ltal t\u00f6rt\u00e9n\u0151&#8230;<\/p>\n","protected":false},"author":2,"featured_media":0,"comment_status":"closed","ping_status":"open","sticky":false,"template":"","format":"standard","meta":[],"categories":[1,11,9],"tags":[],"_links":{"self":[{"href":"https:\/\/szentistvan.dnyem.hu\/index.php?rest_route=\/wp\/v2\/posts\/4889"}],"collection":[{"href":"https:\/\/szentistvan.dnyem.hu\/index.php?rest_route=\/wp\/v2\/posts"}],"about":[{"href":"https:\/\/szentistvan.dnyem.hu\/index.php?rest_route=\/wp\/v2\/types\/post"}],"author":[{"embeddable":true,"href":"https:\/\/szentistvan.dnyem.hu\/index.php?rest_route=\/wp\/v2\/users\/2"}],"replies":[{"embeddable":true,"href":"https:\/\/szentistvan.dnyem.hu\/index.php?rest_route=%2Fwp%2Fv2%2Fcomments&post=4889"}],"version-history":[{"count":1,"href":"https:\/\/szentistvan.dnyem.hu\/index.php?rest_route=\/wp\/v2\/posts\/4889\/revisions"}],"predecessor-version":[{"id":4890,"href":"https:\/\/szentistvan.dnyem.hu\/index.php?rest_route=\/wp\/v2\/posts\/4889\/revisions\/4890"}],"wp:attachment":[{"href":"https:\/\/szentistvan.dnyem.hu\/index.php?rest_route=%2Fwp%2Fv2%2Fmedia&parent=4889"}],"wp:term":[{"taxonomy":"category","embeddable":true,"href":"https:\/\/szentistvan.dnyem.hu\/index.php?rest_route=%2Fwp%2Fv2%2Fcategories&post=4889"},{"taxonomy":"post_tag","embeddable":true,"href":"https:\/\/szentistvan.dnyem.hu\/index.php?rest_route=%2Fwp%2Fv2%2Ftags&post=4889"}],"curies":[{"name":"wp","href":"https:\/\/api.w.org\/{rel}","templated":true}]}}