{"id":4876,"date":"2023-04-01T09:35:49","date_gmt":"2023-04-01T07:35:49","guid":{"rendered":"https:\/\/szentistvan.dnyem.hu\/?p=4876"},"modified":"2023-04-01T09:35:49","modified_gmt":"2023-04-01T07:35:49","slug":"a-lelki-adoptalas-tortenete","status":"publish","type":"post","link":"https:\/\/szentistvan.dnyem.hu\/?p=4876","title":{"rendered":"A lelki adopt\u00e1l\u00e1s t\u00f6rt\u00e9nete"},"content":{"rendered":"\n<p>A Megfogant Gyermek Lelki Adopt\u00e1l\u00e1s\u00e1nak kezdetei a Sz\u0171zanya fatimai megjelen\u00e9s\u00e9hez kapcsol\u00f3dnak. A Lelki Adopt\u00e1l\u00e1s im\u00e1ja v\u00e1laszk\u00e9nt sz\u00fcletett a Sz\u0171zanya k\u00e9r\u00e9s\u00e9re, hogy im\u00e1dkozzuk a r\u00f3zsaf\u00fcz\u00e9rt, tartsunk b\u0171nb\u00e1natot, \u00e9s engesztelj\u00fcnk azok\u00e9rt a b\u0171n\u00f6k\u00e9rt, melyek legink\u00e1bb megsebzik az \u0151 Szepl\u0151telen Sz\u00edv\u00e9t. Lengyel f\u00f6ld\u00f6n 1987-ben gy\u00f6kereztette meg azt a vars\u00f3i Szentl\u00e9lekr\u0151l nevezett p\u00e1los templomban gy\u00fclekez\u0151, \u201eNemzed\u00e9kek \u0150rei\u201d elnevez\u00e9s\u0171 egyetemista csoport. Ebben a templomban, 1987. febru\u00e1r 2-\u00e1n el\u0151sz\u00f6r tett\u00e9k le a Lelki Adopt\u00e1l\u00e1s \u00edg\u00e9ret\u00e9t. Innen terjedt el azt\u00e1n ez az im\u00e1ds\u00e1g eg\u00e9sz Lengyelorsz\u00e1gban \u00e9s annak hat\u00e1rain t\u00fal is.<\/p>\n\n\n\n<p><strong>Ennek az im\u00e1ds\u00e1gnak val\u00f3ban nagy ereje van.<\/strong><\/p>\n\n\n\n<p>A <a href=\"https:\/\/lelkiadoptalas.hu\/\" target=\"_blank\" rel=\"noreferrer noopener\">Lelki Adopt\u00e1l\u00e1s<\/a> l\u00e9nyeg\u00e9ben a megfogant \u00e9letnek \u2013 Isten aj\u00e1nd\u00e9k\u00e1nak \u2013 a v\u00e9delme. De ezen t\u00fal m\u00e9g a saj\u00e1t \u00e9let\u00fcnk\u00e9rt val\u00f3 h\u00e1laad\u00e1s is, valamint azok sz\u00e1m\u00e1ra, akiknek nem lehet saj\u00e1t gyermek\u00fck, a sz\u00fcl\u0151s\u00e9g aj\u00e1nd\u00e9k\u00e1nak egyfajta meg\u00e9l\u00e9se. Egyben az engesztel\u00e9s \u2013 el\u00e9gt\u00e9tel \u2013 lehet\u0151s\u00e9g\u00e9t is mag\u00e1ban hordozza azon n\u0151k sz\u00e1m\u00e1ra, akik meg\u00f6lt\u00e9k saj\u00e1t gyermek\u00fcket. Az ilyen n\u0151k sz\u00edv\u00e9ben ott van a megtisztul\u00e1s \u00e9s el\u00e9gt\u00e9tel v\u00e1gya, hiszen arra lettek teremtve, hogy szeressenek \u00e9s \u00e9letet adjanak. Az abortusz b\u0171ne lelk\u00fckben \u00f3ri\u00e1si puszt\u00edt\u00e1st v\u00e9gzett, amit az orvostudom\u00e1ny poszt-abortusz szindr\u00f3m\u00e1nak nevez. A Lelki Adopt\u00e1l\u00e1s nagyon hat\u00e9kony gy\u00f3gy\u00edr az any\u00e1k \u00e9s ap\u00e1k megsebzett sz\u00edv\u00e9re, mivelhogy visszahozza a csal\u00e1dokba a b\u00e9k\u00e9t.<\/p>\n\n\n\n<p>B\u0151s\u00e9ges gy\u00fcm\u00f6lcs\u00f6t \u00e9rlel a fiatalok k\u00f6r\u00e9ben is, akik az im\u00e1nak k\u00f6sz\u00f6nhet\u0151en sokkal \u00e9rettebben k\u00e9sz\u00fclnek a h\u00e1zass\u00e1g szents\u00e9g\u00e9re.(v\u00e9gigk\u00eds\u00e9rni im\u00e1ban a v\u00e1rand\u00f3ss\u00e1g 9 h\u00f3napj\u00e1t: ez r\u00e1\u00e9breszti az embert a n\u0151 m\u00e9lt\u00f3s\u00e1g\u00e1ra.<\/p>\n\n\n\n<p>b\u0151vebben: <a rel=\"noreferrer noopener\" href=\"https:\/\/www.karizmatikus.hu\/kapcsolatok\/kozossegek\/6251-lelki-adoptalas-uj-honlap-indult.html\" target=\"_blank\">https:\/\/www.karizmatikus.hu\/kapcsolatok\/kozossegek\/6251-lelki-adoptalas-uj-honlap-indult.html<\/a><\/p>\n","protected":false},"excerpt":{"rendered":"<p>A Megfogant Gyermek Lelki Adopt\u00e1l\u00e1s\u00e1nak kezdetei a Sz\u0171zanya fatimai megjelen\u00e9s\u00e9hez kapcsol\u00f3dnak. A Lelki Adopt\u00e1l\u00e1s im\u00e1ja v\u00e1laszk\u00e9nt sz\u00fcletett a Sz\u0171zanya k\u00e9r\u00e9s\u00e9re, hogy im\u00e1dkozzuk a r\u00f3zsaf\u00fcz\u00e9rt, tartsunk&#8230;<\/p>\n","protected":false},"author":2,"featured_media":0,"comment_status":"closed","ping_status":"open","sticky":false,"template":"","format":"standard","meta":[],"categories":[1,9],"tags":[],"_links":{"self":[{"href":"https:\/\/szentistvan.dnyem.hu\/index.php?rest_route=\/wp\/v2\/posts\/4876"}],"collection":[{"href":"https:\/\/szentistvan.dnyem.hu\/index.php?rest_route=\/wp\/v2\/posts"}],"about":[{"href":"https:\/\/szentistvan.dnyem.hu\/index.php?rest_route=\/wp\/v2\/types\/post"}],"author":[{"embeddable":true,"href":"https:\/\/szentistvan.dnyem.hu\/index.php?rest_route=\/wp\/v2\/users\/2"}],"replies":[{"embeddable":true,"href":"https:\/\/szentistvan.dnyem.hu\/index.php?rest_route=%2Fwp%2Fv2%2Fcomments&post=4876"}],"version-history":[{"count":1,"href":"https:\/\/szentistvan.dnyem.hu\/index.php?rest_route=\/wp\/v2\/posts\/4876\/revisions"}],"predecessor-version":[{"id":4877,"href":"https:\/\/szentistvan.dnyem.hu\/index.php?rest_route=\/wp\/v2\/posts\/4876\/revisions\/4877"}],"wp:attachment":[{"href":"https:\/\/szentistvan.dnyem.hu\/index.php?rest_route=%2Fwp%2Fv2%2Fmedia&parent=4876"}],"wp:term":[{"taxonomy":"category","embeddable":true,"href":"https:\/\/szentistvan.dnyem.hu\/index.php?rest_route=%2Fwp%2Fv2%2Fcategories&post=4876"},{"taxonomy":"post_tag","embeddable":true,"href":"https:\/\/szentistvan.dnyem.hu\/index.php?rest_route=%2Fwp%2Fv2%2Ftags&post=4876"}],"curies":[{"name":"wp","href":"https:\/\/api.w.org\/{rel}","templated":true}]}}