{"id":487,"date":"2015-11-22T15:59:16","date_gmt":"2015-11-22T14:59:16","guid":{"rendered":"http:\/\/szentistvan.dnyem.hu\/?p=487"},"modified":"2015-11-22T16:12:07","modified_gmt":"2015-11-22T15:12:07","slug":"templomszenteles","status":"publish","type":"post","link":"https:\/\/szentistvan.dnyem.hu\/?p=487","title":{"rendered":"Templomszentel\u00e9s"},"content":{"rendered":"<p>Ma (november 22-\u00e9n) 15.00-kor J\u00f3zs\u00e1n a Szent Gy\u00f6rgy v\u00e9rtan\u00fa tisztelet\u00e9re \u00e9p\u00edtett templom felszentel\u00e9se.<\/p>\n","protected":false},"excerpt":{"rendered":"<p>Ma (november 22-\u00e9n) 15.00-kor J\u00f3zs\u00e1n a Szent Gy\u00f6rgy v\u00e9rtan\u00fa tisztelet\u00e9re \u00e9p\u00edtett templom felszentel\u00e9se.<\/p>\n","protected":false},"author":2,"featured_media":0,"comment_status":"closed","ping_status":"open","sticky":false,"template":"","format":"standard","meta":[],"categories":[2],"tags":[],"_links":{"self":[{"href":"https:\/\/szentistvan.dnyem.hu\/index.php?rest_route=\/wp\/v2\/posts\/487"}],"collection":[{"href":"https:\/\/szentistvan.dnyem.hu\/index.php?rest_route=\/wp\/v2\/posts"}],"about":[{"href":"https:\/\/szentistvan.dnyem.hu\/index.php?rest_route=\/wp\/v2\/types\/post"}],"author":[{"embeddable":true,"href":"https:\/\/szentistvan.dnyem.hu\/index.php?rest_route=\/wp\/v2\/users\/2"}],"replies":[{"embeddable":true,"href":"https:\/\/szentistvan.dnyem.hu\/index.php?rest_route=%2Fwp%2Fv2%2Fcomments&post=487"}],"version-history":[{"count":1,"href":"https:\/\/szentistvan.dnyem.hu\/index.php?rest_route=\/wp\/v2\/posts\/487\/revisions"}],"predecessor-version":[{"id":488,"href":"https:\/\/szentistvan.dnyem.hu\/index.php?rest_route=\/wp\/v2\/posts\/487\/revisions\/488"}],"wp:attachment":[{"href":"https:\/\/szentistvan.dnyem.hu\/index.php?rest_route=%2Fwp%2Fv2%2Fmedia&parent=487"}],"wp:term":[{"taxonomy":"category","embeddable":true,"href":"https:\/\/szentistvan.dnyem.hu\/index.php?rest_route=%2Fwp%2Fv2%2Fcategories&post=487"},{"taxonomy":"post_tag","embeddable":true,"href":"https:\/\/szentistvan.dnyem.hu\/index.php?rest_route=%2Fwp%2Fv2%2Ftags&post=487"}],"curies":[{"name":"wp","href":"https:\/\/api.w.org\/{rel}","templated":true}]}}