{"id":4855,"date":"2023-03-09T14:35:13","date_gmt":"2023-03-09T12:35:13","guid":{"rendered":"https:\/\/szentistvan.dnyem.hu\/?p=4855"},"modified":"2023-03-09T14:35:13","modified_gmt":"2023-03-09T12:35:13","slug":"adomanyok-a-viragdiszitesre","status":"publish","type":"post","link":"https:\/\/szentistvan.dnyem.hu\/?p=4855","title":{"rendered":"Adom\u00e1nyok a vir\u00e1gd\u00edsz\u00edt\u00e9sre"},"content":{"rendered":"\n<p>A templom \u00e1ll\u00f3 persely\u00e9be helyezett adom\u00e1nyainkkal a h\u00fasv\u00e9ti vir\u00e1gd\u00edsz\u00edt\u00e9shez lehet hozz\u00e1j\u00e1rulni. Ha mindenki csak egy sz\u00e1l vir\u00e1g \u00e1r\u00e1t belehelyezi, nagyon sz\u00e9p vir\u00e1gokkal tudjuk d\u00edsz\u00edteni a felt\u00e1madt J\u00e9zust h\u00fasv\u00e9t \u00fcnnep\u00e9n<\/p>\n","protected":false},"excerpt":{"rendered":"<p>A templom \u00e1ll\u00f3 persely\u00e9be helyezett adom\u00e1nyainkkal a h\u00fasv\u00e9ti vir\u00e1gd\u00edsz\u00edt\u00e9shez lehet hozz\u00e1j\u00e1rulni. Ha mindenki csak egy sz\u00e1l vir\u00e1g \u00e1r\u00e1t belehelyezi, nagyon sz\u00e9p vir\u00e1gokkal tudjuk d\u00edsz\u00edteni a&#8230;<\/p>\n","protected":false},"author":2,"featured_media":0,"comment_status":"closed","ping_status":"open","sticky":false,"template":"","format":"standard","meta":[],"categories":[1],"tags":[],"_links":{"self":[{"href":"https:\/\/szentistvan.dnyem.hu\/index.php?rest_route=\/wp\/v2\/posts\/4855"}],"collection":[{"href":"https:\/\/szentistvan.dnyem.hu\/index.php?rest_route=\/wp\/v2\/posts"}],"about":[{"href":"https:\/\/szentistvan.dnyem.hu\/index.php?rest_route=\/wp\/v2\/types\/post"}],"author":[{"embeddable":true,"href":"https:\/\/szentistvan.dnyem.hu\/index.php?rest_route=\/wp\/v2\/users\/2"}],"replies":[{"embeddable":true,"href":"https:\/\/szentistvan.dnyem.hu\/index.php?rest_route=%2Fwp%2Fv2%2Fcomments&post=4855"}],"version-history":[{"count":1,"href":"https:\/\/szentistvan.dnyem.hu\/index.php?rest_route=\/wp\/v2\/posts\/4855\/revisions"}],"predecessor-version":[{"id":4856,"href":"https:\/\/szentistvan.dnyem.hu\/index.php?rest_route=\/wp\/v2\/posts\/4855\/revisions\/4856"}],"wp:attachment":[{"href":"https:\/\/szentistvan.dnyem.hu\/index.php?rest_route=%2Fwp%2Fv2%2Fmedia&parent=4855"}],"wp:term":[{"taxonomy":"category","embeddable":true,"href":"https:\/\/szentistvan.dnyem.hu\/index.php?rest_route=%2Fwp%2Fv2%2Fcategories&post=4855"},{"taxonomy":"post_tag","embeddable":true,"href":"https:\/\/szentistvan.dnyem.hu\/index.php?rest_route=%2Fwp%2Fv2%2Ftags&post=4855"}],"curies":[{"name":"wp","href":"https:\/\/api.w.org\/{rel}","templated":true}]}}