{"id":4798,"date":"2023-02-04T22:43:52","date_gmt":"2023-02-04T20:43:52","guid":{"rendered":"https:\/\/szentistvan.dnyem.hu\/?p=4798"},"modified":"2023-02-04T22:43:52","modified_gmt":"2023-02-04T20:43:52","slug":"betegek-kenete","status":"publish","type":"post","link":"https:\/\/szentistvan.dnyem.hu\/?p=4798","title":{"rendered":"Betegek kenete"},"content":{"rendered":"\n<p>Febru\u00e1r 11-\u00e9n lesz lehet\u0151s\u00e9g a betegek szents\u00e9g\u00e9nek felv\u00e9tel\u00e9re azoknak, akik id\u0151s koruk vagy betegs\u00e9g\u00fck miatt J\u00e9zus meger\u0151s\u00edt\u0151 kegyelmeire v\u00e1gynak. <strong>Febru\u00e1r 11-\u00e9n, szombaton 16:00 \u00f3r\u00e1t\u00f3l gy\u00f3ntat\u00e1s, katek\u00e9zis, majd k\u00f6z\u00f6s vecsernye lesz, ezt k\u00f6vet\u0151en 18:00 \u00f3r\u00e1t\u00f3l szentmise keret\u00e9ben a betegek kenet\u00e9nek felv\u00e9tel\u00e9re ker\u00fcl sor.<\/strong> K\u00e9rem, hogy seg\u00edts\u00fck el erre az alkalomra id\u0151s, beteg hozz\u00e1tartoz\u00f3inkat, ismer\u0151seinket.<\/p>\n","protected":false},"excerpt":{"rendered":"<p>Febru\u00e1r 11-\u00e9n lesz lehet\u0151s\u00e9g a betegek szents\u00e9g\u00e9nek felv\u00e9tel\u00e9re azoknak, akik id\u0151s koruk vagy betegs\u00e9g\u00fck miatt J\u00e9zus meger\u0151s\u00edt\u0151 kegyelmeire v\u00e1gynak. Febru\u00e1r 11-\u00e9n, szombaton 16:00 \u00f3r\u00e1t\u00f3l gy\u00f3ntat\u00e1s,&#8230;<\/p>\n","protected":false},"author":2,"featured_media":0,"comment_status":"closed","ping_status":"open","sticky":false,"template":"","format":"standard","meta":[],"categories":[1],"tags":[],"_links":{"self":[{"href":"https:\/\/szentistvan.dnyem.hu\/index.php?rest_route=\/wp\/v2\/posts\/4798"}],"collection":[{"href":"https:\/\/szentistvan.dnyem.hu\/index.php?rest_route=\/wp\/v2\/posts"}],"about":[{"href":"https:\/\/szentistvan.dnyem.hu\/index.php?rest_route=\/wp\/v2\/types\/post"}],"author":[{"embeddable":true,"href":"https:\/\/szentistvan.dnyem.hu\/index.php?rest_route=\/wp\/v2\/users\/2"}],"replies":[{"embeddable":true,"href":"https:\/\/szentistvan.dnyem.hu\/index.php?rest_route=%2Fwp%2Fv2%2Fcomments&post=4798"}],"version-history":[{"count":1,"href":"https:\/\/szentistvan.dnyem.hu\/index.php?rest_route=\/wp\/v2\/posts\/4798\/revisions"}],"predecessor-version":[{"id":4799,"href":"https:\/\/szentistvan.dnyem.hu\/index.php?rest_route=\/wp\/v2\/posts\/4798\/revisions\/4799"}],"wp:attachment":[{"href":"https:\/\/szentistvan.dnyem.hu\/index.php?rest_route=%2Fwp%2Fv2%2Fmedia&parent=4798"}],"wp:term":[{"taxonomy":"category","embeddable":true,"href":"https:\/\/szentistvan.dnyem.hu\/index.php?rest_route=%2Fwp%2Fv2%2Fcategories&post=4798"},{"taxonomy":"post_tag","embeddable":true,"href":"https:\/\/szentistvan.dnyem.hu\/index.php?rest_route=%2Fwp%2Fv2%2Ftags&post=4798"}],"curies":[{"name":"wp","href":"https:\/\/api.w.org\/{rel}","templated":true}]}}