{"id":4757,"date":"2023-01-01T20:05:27","date_gmt":"2023-01-01T18:05:27","guid":{"rendered":"https:\/\/szentistvan.dnyem.hu\/?p=4757"},"modified":"2023-01-01T20:08:56","modified_gmt":"2023-01-01T18:08:56","slug":"szent-ferenc-halaeneke","status":"publish","type":"post","link":"https:\/\/szentistvan.dnyem.hu\/?p=4757","title":{"rendered":"Szent Ferenc h\u00e1la\u00e9neke"},"content":{"rendered":"\n<p>Te vagy a szents\u00e9ges, \u00daristen, az egyetlen, aki csod\u00e1kat m\u0171velsz.<br>Te vagy az er\u0151s, te vagy a nagy, te vagy a f\u00f6ls\u00e9ges.<br>Te vagy a mindenhat\u00f3 kir\u00e1ly, szents\u00e9ges Aty\u00e1nk, mennynek \u00e9s f\u00f6ldnek kir\u00e1lya.<br>Te vagy a j\u00f3s\u00e1g, te vagy minden j\u00f3s\u00e1g, te vagy a legf\u0151bb j\u00f3s\u00e1g, az \u00dar, az \u00e9l\u0151 \u00e9s igaz Isten.<br>Te vagy a szeretet, te vagy a b\u00f6lcsess\u00e9g, te vagy az al\u00e1zatoss\u00e1g, te vagy a b\u00e9ket\u0171r\u00e9s.<br>Te vagy a biztons\u00e1g, te vagy a megnyugv\u00e1s, te vagy az \u00f6r\u00f6m \u00e9s a vigass\u00e1g.<br>Te vagy az igazs\u00e1g \u00e9s m\u00e9rt\u00e9kletess\u00e9g, te vagy a mindeneknek el\u00e9gs\u00e9ges gazdags\u00e1g.<br>Te vagy a sz\u00e9ps\u00e9g, te vagy a gy\u00f6ng\u00e9ds\u00e9g.<br>Te vagy a mi v\u00e9delmez\u0151nk, te vagy a mi \u0151r\u00e1ll\u00f3nk \u00e9s oltalmaz\u00f3nk.<br>Te vagy az er\u0151ss\u00e9g, te vagy az enyh\u00fcl\u00e9s.<br>Te vagy a mi rem\u00e9ny\u00fcnk, te vagy a mi hit\u00fcnk, te vagy a mi nagy \u00e9dess\u00e9g\u00fcnk.<br>Te vagy a mi \u00f6r\u00f6k \u00e9let\u00fcnk, nagy \u00e9s csod\u00e1latos \u00dar, mindenhat\u00f3 Isten, irgalmas Megv\u00e1lt\u00f3nk.<\/p>\n\n\n\n<p>Az \u00f6sszes kereszt\u00e9ny h\u00edveknek, szerzeteseknek, papoknak \u00e9s vil\u00e1giaknak, f\u00e9rfiaknak \u00e9s n\u0151knek \u00e9s a f\u00f6ldkereks\u00e9g valamennyi lak\u00f3j\u00e1nak Ferenc testv\u00e9r, szolg\u00e1juk \u00e9s alattval\u00f3juk, tisztelettel teljes h\u00f3dolat\u00e1t jelenti s igazi \u00e9gi b\u00e9k\u00e9t \u00e9s az \u00darban \u0151szinte szeretetet k\u00edv\u00e1n.<\/p>\n\n\n\n<p>(<a href=\"https:\/\/mek.oszk.hu\/00300\/00316\/00316.htm\" target=\"_blank\" rel=\"noreferrer noopener\">https:\/\/mek.oszk.hu\/00300\/00316\/00316.htm<\/a>)<\/p>\n","protected":false},"excerpt":{"rendered":"<p>Te vagy a szents\u00e9ges, \u00daristen, az egyetlen, aki csod\u00e1kat m\u0171velsz.Te vagy az er\u0151s, te vagy a nagy, te vagy a f\u00f6ls\u00e9ges.Te vagy a mindenhat\u00f3 kir\u00e1ly,&#8230;<\/p>\n","protected":false},"author":2,"featured_media":0,"comment_status":"closed","ping_status":"open","sticky":false,"template":"","format":"standard","meta":[],"categories":[11,9],"tags":[],"_links":{"self":[{"href":"https:\/\/szentistvan.dnyem.hu\/index.php?rest_route=\/wp\/v2\/posts\/4757"}],"collection":[{"href":"https:\/\/szentistvan.dnyem.hu\/index.php?rest_route=\/wp\/v2\/posts"}],"about":[{"href":"https:\/\/szentistvan.dnyem.hu\/index.php?rest_route=\/wp\/v2\/types\/post"}],"author":[{"embeddable":true,"href":"https:\/\/szentistvan.dnyem.hu\/index.php?rest_route=\/wp\/v2\/users\/2"}],"replies":[{"embeddable":true,"href":"https:\/\/szentistvan.dnyem.hu\/index.php?rest_route=%2Fwp%2Fv2%2Fcomments&post=4757"}],"version-history":[{"count":3,"href":"https:\/\/szentistvan.dnyem.hu\/index.php?rest_route=\/wp\/v2\/posts\/4757\/revisions"}],"predecessor-version":[{"id":4760,"href":"https:\/\/szentistvan.dnyem.hu\/index.php?rest_route=\/wp\/v2\/posts\/4757\/revisions\/4760"}],"wp:attachment":[{"href":"https:\/\/szentistvan.dnyem.hu\/index.php?rest_route=%2Fwp%2Fv2%2Fmedia&parent=4757"}],"wp:term":[{"taxonomy":"category","embeddable":true,"href":"https:\/\/szentistvan.dnyem.hu\/index.php?rest_route=%2Fwp%2Fv2%2Fcategories&post=4757"},{"taxonomy":"post_tag","embeddable":true,"href":"https:\/\/szentistvan.dnyem.hu\/index.php?rest_route=%2Fwp%2Fv2%2Ftags&post=4757"}],"curies":[{"name":"wp","href":"https:\/\/api.w.org\/{rel}","templated":true}]}}