{"id":4755,"date":"2023-01-01T19:49:19","date_gmt":"2023-01-01T17:49:19","guid":{"rendered":"https:\/\/szentistvan.dnyem.hu\/?p=4755"},"modified":"2023-01-01T19:49:19","modified_gmt":"2023-01-01T17:49:19","slug":"hazszenteles-8","status":"publish","type":"post","link":"https:\/\/szentistvan.dnyem.hu\/?p=4755","title":{"rendered":"H\u00e1zszentel\u00e9s"},"content":{"rendered":"\n<p>Janu\u00e1r h\u00f3nap a <a rel=\"noreferrer noopener\" href=\"https:\/\/metropolita.hu\/2019\/01\/5-dolog-amit-talan-nem-tudtal-a-hazszentelesrol\/\" target=\"_blank\">h\u00e1zszentel\u00e9sek<\/a> id\u0151szaka is. Sz\u00edvesen elmegyek azokhoz, akik h\u00edvnak. A sekresty\u00e9ben lehet feliratkozni. K\u00e9rem, a telefonsz\u00e1mukat is adj\u00e1k meg, hogy egyeztetni tudjunk, mikor lenne a legmegfelel\u0151bb.<\/p>\n","protected":false},"excerpt":{"rendered":"<p>Janu\u00e1r h\u00f3nap a h\u00e1zszentel\u00e9sek id\u0151szaka is. Sz\u00edvesen elmegyek azokhoz, akik h\u00edvnak. A sekresty\u00e9ben lehet feliratkozni. K\u00e9rem, a telefonsz\u00e1mukat is adj\u00e1k meg, hogy egyeztetni tudjunk, mikor&#8230;<\/p>\n","protected":false},"author":2,"featured_media":0,"comment_status":"closed","ping_status":"open","sticky":false,"template":"","format":"standard","meta":[],"categories":[1,9,2],"tags":[],"_links":{"self":[{"href":"https:\/\/szentistvan.dnyem.hu\/index.php?rest_route=\/wp\/v2\/posts\/4755"}],"collection":[{"href":"https:\/\/szentistvan.dnyem.hu\/index.php?rest_route=\/wp\/v2\/posts"}],"about":[{"href":"https:\/\/szentistvan.dnyem.hu\/index.php?rest_route=\/wp\/v2\/types\/post"}],"author":[{"embeddable":true,"href":"https:\/\/szentistvan.dnyem.hu\/index.php?rest_route=\/wp\/v2\/users\/2"}],"replies":[{"embeddable":true,"href":"https:\/\/szentistvan.dnyem.hu\/index.php?rest_route=%2Fwp%2Fv2%2Fcomments&post=4755"}],"version-history":[{"count":1,"href":"https:\/\/szentistvan.dnyem.hu\/index.php?rest_route=\/wp\/v2\/posts\/4755\/revisions"}],"predecessor-version":[{"id":4756,"href":"https:\/\/szentistvan.dnyem.hu\/index.php?rest_route=\/wp\/v2\/posts\/4755\/revisions\/4756"}],"wp:attachment":[{"href":"https:\/\/szentistvan.dnyem.hu\/index.php?rest_route=%2Fwp%2Fv2%2Fmedia&parent=4755"}],"wp:term":[{"taxonomy":"category","embeddable":true,"href":"https:\/\/szentistvan.dnyem.hu\/index.php?rest_route=%2Fwp%2Fv2%2Fcategories&post=4755"},{"taxonomy":"post_tag","embeddable":true,"href":"https:\/\/szentistvan.dnyem.hu\/index.php?rest_route=%2Fwp%2Fv2%2Ftags&post=4755"}],"curies":[{"name":"wp","href":"https:\/\/api.w.org\/{rel}","templated":true}]}}