{"id":4753,"date":"2023-01-01T19:45:18","date_gmt":"2023-01-01T17:45:18","guid":{"rendered":"https:\/\/szentistvan.dnyem.hu\/?p=4753"},"modified":"2023-01-01T19:45:18","modified_gmt":"2023-01-01T17:45:18","slug":"vizkereszt-4","status":"publish","type":"post","link":"https:\/\/szentistvan.dnyem.hu\/?p=4753","title":{"rendered":"V\u00edzkereszt"},"content":{"rendered":"\n<p><strong>Janu\u00e1r 6. (p\u00e9ntek), <a rel=\"noreferrer noopener\" href=\"http:\/\/lexikon.katolikus.hu\/V\/v%C3%ADzkereszt.html\" target=\"_blank\">V\u00edzkereszt<\/a> <a rel=\"noreferrer noopener\" href=\"http:\/\/lexikon.katolikus.hu\/P\/parancsolt%20%C3%BCnnep.html\" target=\"_blank\">parancsolt \u00fcnnep<\/a><\/strong> <strong>(a szentmis\u00e9n val\u00f3 r\u00e9szv\u00e9tel k\u00f6telez\u0151)<\/strong>. Hogy a h\u00edvek nagyobb sz\u00e1mban tudjanak r\u00e9szt venni, <strong>a szentmise este 18:00 \u00f3rakor kezd\u0151dik<\/strong>. V\u00edzkereszt \u00fcnnep\u00e9n v\u00e9gezz\u00fck a hagyom\u00e1nyos <a rel=\"noreferrer noopener\" href=\"http:\/\/lexikon.katolikus.hu\/V\/v%C3%ADzszentel%C3%A9s.html\" target=\"_blank\">v\u00edzszentel\u00e9st<\/a>. Ut\u00e1na mindenki hazavihet otthon\u00e1ba a meg\u00e1ldott v\u00edzb\u0151l.<\/p>\n\n\n\n<p><strong>Az \u00fcnnepi szentmise ut\u00e1n v\u00e9gezz\u00fck a pl\u00e9b\u00e1nia h\u00e1zszentel\u00e9s\u00e9t<\/strong>, amelyre a ministr\u00e1nsokat \u00e9s k\u00f6zvetlen munkat\u00e1rsaimat (k\u00e1ntor, sekresty\u00e9s) szeretettel h\u00edvok. Ezzel j\u00f3 p\u00e9ld\u00e1t is k\u00edv\u00e1nunk adni, hogy a h\u00edvek is \u00e9ljenek a <a rel=\"noreferrer noopener\" href=\"http:\/\/lexikon.katolikus.hu\/H\/h%C3%A1zszentel%C3%A9s.html\" target=\"_blank\">h\u00e1zszentel\u00e9s<\/a> lehet\u0151s\u00e9g\u00e9vel.<\/p>\n\n\n\n<p>Ez a nap a h\u00f3nap <a rel=\"noreferrer noopener\" href=\"http:\/\/lexikon.katolikus.hu\/E\/els%C5%91p%C3%A9ntek.html\" target=\"_blank\">els\u0151p\u00e9ntek<\/a>je is. Mivel este 18:00 \u00f3r\u00e1t\u00f3l lesz a szentmise, a 15:00 \u00f3rakor kezd\u0151d\u0151 <a rel=\"noreferrer noopener\" href=\"https:\/\/metropolita.hu\/2018\/03\/az-isteni-irgalmassag-rozsafuzere\/\" target=\"_blank\">Isteni Irgalmass\u00e1g r\u00f3zsaf\u00fcz\u00e9re<\/a> ut\u00e1n lesz a <a rel=\"noreferrer noopener\" href=\"http:\/\/lexikon.katolikus.hu\/S\/szents%C3%A9gim%C3%A1d%C3%A1s.html\" target=\"_blank\">szents\u00e9gim\u00e1d\u00e1s<\/a> 17:30-ig, a <a rel=\"noreferrer noopener\" href=\"http:\/\/domonkosok.hu\/a-rozsafuzer-eredete-es-lenyege\/\" target=\"_blank\">r\u00f3zsaf\u00fcz\u00e9r<\/a> v\u00e9g\u00e9ig. Ut\u00e1na <a href=\"http:\/\/lexikon.katolikus.hu\/V\/vecsernye.html\" target=\"_blank\" rel=\"noreferrer noopener\">vecserny\u00e9t<\/a> im\u00e1dkozunk, majd szentmis\u00e9t mutatunk be.<\/p>\n","protected":false},"excerpt":{"rendered":"<p>Janu\u00e1r 6. (p\u00e9ntek), V\u00edzkereszt parancsolt \u00fcnnep (a szentmis\u00e9n val\u00f3 r\u00e9szv\u00e9tel k\u00f6telez\u0151). Hogy a h\u00edvek nagyobb sz\u00e1mban tudjanak r\u00e9szt venni, a szentmise este 18:00 \u00f3rakor kezd\u0151dik&#8230;.<\/p>\n","protected":false},"author":2,"featured_media":0,"comment_status":"closed","ping_status":"open","sticky":false,"template":"","format":"standard","meta":[],"categories":[1,9,2],"tags":[],"_links":{"self":[{"href":"https:\/\/szentistvan.dnyem.hu\/index.php?rest_route=\/wp\/v2\/posts\/4753"}],"collection":[{"href":"https:\/\/szentistvan.dnyem.hu\/index.php?rest_route=\/wp\/v2\/posts"}],"about":[{"href":"https:\/\/szentistvan.dnyem.hu\/index.php?rest_route=\/wp\/v2\/types\/post"}],"author":[{"embeddable":true,"href":"https:\/\/szentistvan.dnyem.hu\/index.php?rest_route=\/wp\/v2\/users\/2"}],"replies":[{"embeddable":true,"href":"https:\/\/szentistvan.dnyem.hu\/index.php?rest_route=%2Fwp%2Fv2%2Fcomments&post=4753"}],"version-history":[{"count":1,"href":"https:\/\/szentistvan.dnyem.hu\/index.php?rest_route=\/wp\/v2\/posts\/4753\/revisions"}],"predecessor-version":[{"id":4754,"href":"https:\/\/szentistvan.dnyem.hu\/index.php?rest_route=\/wp\/v2\/posts\/4753\/revisions\/4754"}],"wp:attachment":[{"href":"https:\/\/szentistvan.dnyem.hu\/index.php?rest_route=%2Fwp%2Fv2%2Fmedia&parent=4753"}],"wp:term":[{"taxonomy":"category","embeddable":true,"href":"https:\/\/szentistvan.dnyem.hu\/index.php?rest_route=%2Fwp%2Fv2%2Fcategories&post=4753"},{"taxonomy":"post_tag","embeddable":true,"href":"https:\/\/szentistvan.dnyem.hu\/index.php?rest_route=%2Fwp%2Fv2%2Ftags&post=4753"}],"curies":[{"name":"wp","href":"https:\/\/api.w.org\/{rel}","templated":true}]}}