{"id":4734,"date":"2022-12-25T20:46:19","date_gmt":"2022-12-25T18:46:19","guid":{"rendered":"https:\/\/szentistvan.dnyem.hu\/?p=4734"},"modified":"2022-12-25T20:46:19","modified_gmt":"2022-12-25T18:46:19","slug":"januar-1","status":"publish","type":"post","link":"https:\/\/szentistvan.dnyem.hu\/?p=4734","title":{"rendered":"Janu\u00e1r 1."},"content":{"rendered":"\n<p>Janu\u00e1r elseje, \u00daj\u00e9v <a rel=\"noreferrer noopener\" href=\"http:\/\/lexikon.katolikus.hu\/P\/parancsolt%20%C3%BCnnep.html\" target=\"_blank\">parancsolt \u00fcnnep<\/a>. A szentmis\u00e9n val\u00f3 r\u00e9szv\u00e9tel k\u00f6telez\u0151. K\u00e9rem, hogy a szilveszteri mulatoz\u00e1s ideje alatt is gondoljunk arra, hogy m\u00e1snap a szentmis\u00e9n val\u00f3 r\u00e9szv\u00e9tellel kezdj\u00fck az \u00faj esztend\u0151t.<\/p>\n","protected":false},"excerpt":{"rendered":"<p>Janu\u00e1r elseje, \u00daj\u00e9v parancsolt \u00fcnnep. A szentmis\u00e9n val\u00f3 r\u00e9szv\u00e9tel k\u00f6telez\u0151. K\u00e9rem, hogy a szilveszteri mulatoz\u00e1s ideje alatt is gondoljunk arra, hogy m\u00e1snap a szentmis\u00e9n val\u00f3&#8230;<\/p>\n","protected":false},"author":2,"featured_media":0,"comment_status":"closed","ping_status":"open","sticky":false,"template":"","format":"standard","meta":[],"categories":[1,9,2],"tags":[],"_links":{"self":[{"href":"https:\/\/szentistvan.dnyem.hu\/index.php?rest_route=\/wp\/v2\/posts\/4734"}],"collection":[{"href":"https:\/\/szentistvan.dnyem.hu\/index.php?rest_route=\/wp\/v2\/posts"}],"about":[{"href":"https:\/\/szentistvan.dnyem.hu\/index.php?rest_route=\/wp\/v2\/types\/post"}],"author":[{"embeddable":true,"href":"https:\/\/szentistvan.dnyem.hu\/index.php?rest_route=\/wp\/v2\/users\/2"}],"replies":[{"embeddable":true,"href":"https:\/\/szentistvan.dnyem.hu\/index.php?rest_route=%2Fwp%2Fv2%2Fcomments&post=4734"}],"version-history":[{"count":1,"href":"https:\/\/szentistvan.dnyem.hu\/index.php?rest_route=\/wp\/v2\/posts\/4734\/revisions"}],"predecessor-version":[{"id":4735,"href":"https:\/\/szentistvan.dnyem.hu\/index.php?rest_route=\/wp\/v2\/posts\/4734\/revisions\/4735"}],"wp:attachment":[{"href":"https:\/\/szentistvan.dnyem.hu\/index.php?rest_route=%2Fwp%2Fv2%2Fmedia&parent=4734"}],"wp:term":[{"taxonomy":"category","embeddable":true,"href":"https:\/\/szentistvan.dnyem.hu\/index.php?rest_route=%2Fwp%2Fv2%2Fcategories&post=4734"},{"taxonomy":"post_tag","embeddable":true,"href":"https:\/\/szentistvan.dnyem.hu\/index.php?rest_route=%2Fwp%2Fv2%2Ftags&post=4734"}],"curies":[{"name":"wp","href":"https:\/\/api.w.org\/{rel}","templated":true}]}}