{"id":4732,"date":"2022-12-25T20:43:03","date_gmt":"2022-12-25T18:43:03","guid":{"rendered":"https:\/\/szentistvan.dnyem.hu\/?p=4732"},"modified":"2022-12-25T20:43:03","modified_gmt":"2022-12-25T18:43:03","slug":"ev-vegi-halaadas","status":"publish","type":"post","link":"https:\/\/szentistvan.dnyem.hu\/?p=4732","title":{"rendered":"\u00c9v v\u00e9gi h\u00e1laad\u00e1s"},"content":{"rendered":"\n<p><strong>December 31-\u00e9n (szombaton) a 18:00 \u00f3rai \u00fcnnepi szentmis\u00e9n tartjuk az \u00e9v v\u00e9gi h\u00e1laad\u00e1st<\/strong>, melyen besz\u00e1mol\u00f3t hallhatunk a pl\u00e9b\u00e1ni\u00e1n 2022-ben t\u00f6rt\u00e9nt esem\u00e9nyekr\u0151l. Ez a szentmise egy\u00fattal <a rel=\"noreferrer noopener\" href=\"http:\/\/lexikon.katolikus.hu\/E\/el%C5%91esti%20mise.html\" target=\"_blank\">el\u0151esti mise<\/a> is \u00daj\u00e9v napj\u00e1ra. H\u00e1l\u00e1t adunk Istennek a sok-sok kegyelem\u00e9rt, az \u00f6r\u00f6m\u00f6k\u00e9rt \u00e9s a neh\u00e9zs\u00e9gek\u00e9rt is.<strong> <a rel=\"noreferrer noopener\" href=\"http:\/\/lexikon.katolikus.hu\/T\/teljes%20b%C3%BAcs%C3%BA.html\" target=\"_blank\">Teljes b\u00facs\u00fat<\/a> nyerhet az \u00e9v utols\u00f3 napj\u00e1n<\/strong> az a h\u00edv\u0151, aki \u00e1h\u00edtattal r\u00e9szt vesz a templomban a <a rel=\"noreferrer noopener\" href=\"https:\/\/metropolita.hu\/2018\/03\/te-deum-magyarul\/\" target=\"_blank\">Te Deum<\/a> \u00fcnnep\u00e9lyes \u00e9nekl\u00e9s\u00e9ben, h\u00e1laad\u00e1ssal az esztend\u0151ben kapott j\u00f3t\u00e9tem\u00e9nyek\u00e9rt. A szentmise el\u0151tt <a href=\"https:\/\/www.arcanum.com\/hu\/online-kiadvanyok\/Lexikonok-magyar-etimologiai-szotar-F14D3\/v-F4386\/vecsernye-F43FE\/\" target=\"_blank\" rel=\"noreferrer noopener\">vecserny\u00e9t<\/a> im\u00e1dkozunk.<\/p>\n","protected":false},"excerpt":{"rendered":"<p>December 31-\u00e9n (szombaton) a 18:00 \u00f3rai \u00fcnnepi szentmis\u00e9n tartjuk az \u00e9v v\u00e9gi h\u00e1laad\u00e1st, melyen besz\u00e1mol\u00f3t hallhatunk a pl\u00e9b\u00e1ni\u00e1n 2022-ben t\u00f6rt\u00e9nt esem\u00e9nyekr\u0151l. Ez a szentmise egy\u00fattal&#8230;<\/p>\n","protected":false},"author":2,"featured_media":0,"comment_status":"closed","ping_status":"open","sticky":false,"template":"","format":"standard","meta":[],"categories":[1,9,2],"tags":[],"_links":{"self":[{"href":"https:\/\/szentistvan.dnyem.hu\/index.php?rest_route=\/wp\/v2\/posts\/4732"}],"collection":[{"href":"https:\/\/szentistvan.dnyem.hu\/index.php?rest_route=\/wp\/v2\/posts"}],"about":[{"href":"https:\/\/szentistvan.dnyem.hu\/index.php?rest_route=\/wp\/v2\/types\/post"}],"author":[{"embeddable":true,"href":"https:\/\/szentistvan.dnyem.hu\/index.php?rest_route=\/wp\/v2\/users\/2"}],"replies":[{"embeddable":true,"href":"https:\/\/szentistvan.dnyem.hu\/index.php?rest_route=%2Fwp%2Fv2%2Fcomments&post=4732"}],"version-history":[{"count":1,"href":"https:\/\/szentistvan.dnyem.hu\/index.php?rest_route=\/wp\/v2\/posts\/4732\/revisions"}],"predecessor-version":[{"id":4733,"href":"https:\/\/szentistvan.dnyem.hu\/index.php?rest_route=\/wp\/v2\/posts\/4732\/revisions\/4733"}],"wp:attachment":[{"href":"https:\/\/szentistvan.dnyem.hu\/index.php?rest_route=%2Fwp%2Fv2%2Fmedia&parent=4732"}],"wp:term":[{"taxonomy":"category","embeddable":true,"href":"https:\/\/szentistvan.dnyem.hu\/index.php?rest_route=%2Fwp%2Fv2%2Fcategories&post=4732"},{"taxonomy":"post_tag","embeddable":true,"href":"https:\/\/szentistvan.dnyem.hu\/index.php?rest_route=%2Fwp%2Fv2%2Ftags&post=4732"}],"curies":[{"name":"wp","href":"https:\/\/api.w.org\/{rel}","templated":true}]}}