{"id":4728,"date":"2022-12-25T20:18:43","date_gmt":"2022-12-25T18:18:43","guid":{"rendered":"https:\/\/szentistvan.dnyem.hu\/?p=4728"},"modified":"2023-01-08T14:47:11","modified_gmt":"2023-01-08T12:47:11","slug":"szentmisek-elojegyeztetese","status":"publish","type":"post","link":"https:\/\/szentistvan.dnyem.hu\/?p=4728","title":{"rendered":"Szentmis\u00e9k el\u0151jegyeztet\u00e9se"},"content":{"rendered":"\n<p>A k\u00f6vetkez\u0151 egyh\u00e1zi \u00e9vre el\u0151jegyeztethet\u0151k a szentmis\u00e9k a sekresty\u00e9ben. Ne csak halottainkra gondoljunk! \u00c9lj\u00fcnk a szentmise felaj\u00e1nl\u00e1s\u00e1nak lehet\u0151s\u00e9g\u00e9vel.<\/p>\n","protected":false},"excerpt":{"rendered":"<p>A k\u00f6vetkez\u0151 egyh\u00e1zi \u00e9vre el\u0151jegyeztethet\u0151k a szentmis\u00e9k a sekresty\u00e9ben. Ne csak halottainkra gondoljunk! \u00c9lj\u00fcnk a szentmise felaj\u00e1nl\u00e1s\u00e1nak lehet\u0151s\u00e9g\u00e9vel.<\/p>\n","protected":false},"author":2,"featured_media":0,"comment_status":"closed","ping_status":"open","sticky":false,"template":"","format":"standard","meta":[],"categories":[1,9,2],"tags":[],"_links":{"self":[{"href":"https:\/\/szentistvan.dnyem.hu\/index.php?rest_route=\/wp\/v2\/posts\/4728"}],"collection":[{"href":"https:\/\/szentistvan.dnyem.hu\/index.php?rest_route=\/wp\/v2\/posts"}],"about":[{"href":"https:\/\/szentistvan.dnyem.hu\/index.php?rest_route=\/wp\/v2\/types\/post"}],"author":[{"embeddable":true,"href":"https:\/\/szentistvan.dnyem.hu\/index.php?rest_route=\/wp\/v2\/users\/2"}],"replies":[{"embeddable":true,"href":"https:\/\/szentistvan.dnyem.hu\/index.php?rest_route=%2Fwp%2Fv2%2Fcomments&post=4728"}],"version-history":[{"count":2,"href":"https:\/\/szentistvan.dnyem.hu\/index.php?rest_route=\/wp\/v2\/posts\/4728\/revisions"}],"predecessor-version":[{"id":4770,"href":"https:\/\/szentistvan.dnyem.hu\/index.php?rest_route=\/wp\/v2\/posts\/4728\/revisions\/4770"}],"wp:attachment":[{"href":"https:\/\/szentistvan.dnyem.hu\/index.php?rest_route=%2Fwp%2Fv2%2Fmedia&parent=4728"}],"wp:term":[{"taxonomy":"category","embeddable":true,"href":"https:\/\/szentistvan.dnyem.hu\/index.php?rest_route=%2Fwp%2Fv2%2Fcategories&post=4728"},{"taxonomy":"post_tag","embeddable":true,"href":"https:\/\/szentistvan.dnyem.hu\/index.php?rest_route=%2Fwp%2Fv2%2Ftags&post=4728"}],"curies":[{"name":"wp","href":"https:\/\/api.w.org\/{rel}","templated":true}]}}