{"id":4715,"date":"2022-12-20T19:12:32","date_gmt":"2022-12-20T17:12:32","guid":{"rendered":"https:\/\/szentistvan.dnyem.hu\/?p=4715"},"modified":"2022-12-20T19:12:32","modified_gmt":"2022-12-20T17:12:32","slug":"szenteste-a-csaladoknal","status":"publish","type":"post","link":"https:\/\/szentistvan.dnyem.hu\/?p=4715","title":{"rendered":"Szenteste a csal\u00e1dokn\u00e1l"},"content":{"rendered":"\n<p>A csal\u00e1dok manaps\u00e1g a kar\u00e1csonyfa alatt kezdik meg a Kar\u00e1csony \u00fcnnepl\u00e9s\u00e9t. El\u0151sz\u00f6r \u00e1dventi \u00e9nekeket \u00e9nekl\u00fcnk (pl. \u00d3 J\u00f6jj, \u00f3 j\u00f6jj, \u00dcdv\u00f6z\u00edt\u0151 1\u20132. versszak, vagy Serkenj lelkem 1\u20132. versszak). Ezut\u00e1n valaki Izai\u00e1s j\u00f6vend\u00f6l\u00e9s\u00e9t olvassa:<\/p>\n\n\n\n<p>\u201eA n\u00e9p, amely s\u00f6t\u00e9ts\u00e9gben j\u00e1rt, nagy f\u00e9nyess\u00e9get l\u00e1t. Azoknak, akik a hl\u00e1l \u00e1rny\u00e9k\u00e1nak tartom\u00e1ny\u00e1ban \u00e9ltek, f\u00e9nyess\u00e9g t\u00e1mad. Gyermek sz\u00fcletik nek\u00fcnk, \u00e9s Fi\u00fa adatik nek\u00fcnk, \u00e9s a fejedelems\u00e9g az \u0151 v\u00e1ll\u00e1n lesz. \u00c9s ez lesz az \u0151 neve: Csod\u00e1latos, Tan\u00e1csad\u00f3, Er\u0151s Isten, a j\u00f6vend\u0151 korszak Atyja, a B\u00e9kess\u00e9g Fejedelme.\u201d<br>R. Istennek legyen h\u00e1la!<\/p>\n\n\n\n<p>Folytatjuk az el\u0151bb megkezdett \u00e9neket, majd a kar\u00e1csonyi evang\u00e9liumot olvassuk (Lk 2), vagy az \u00fcnnephirdet\u00e9st \u00e9nekli a csal\u00e1d egyik tagja. Ezut\u00e1n gy\u00fajtjuk meg a kar\u00e1csonyfa \u00e9s a betlehem f\u00e9nyeit, majd n\u00e9h\u00e1ny kar\u00e1csonyi \u00e9nek k\u00f6vetkezik (a gyermekek egyenk\u00e9nt is \u00e9nekeljenek a kis J\u00e9zus \u00f6r\u00f6m\u00e9re), v\u00e9g\u00fcl a csal\u00e1df\u0151 k\u00f6ny\u00f6rg\u00e9st mond:<\/p>\n\n\n\n<p>Isten, ki ezt a szent \u00e9jszak\u00e1t az igaz Vil\u00e1goss\u00e1g f\u00f6lragyog\u00e1s\u00e1val f\u00e9nyl\u0151v\u00e9 tetted: add meg, hogy amint most e vil\u00e1goss\u00e1g titk\u00e1t szeml\u00e9lj\u00fck a f\u00f6ld\u00f6n, \u00fagy annak \u00f6r\u00f6meit is meg\u00edzlelhess\u00fck majd a mennyben. Ki veled \u00e9l \u00e9s uralkodik a Szentl\u00e9lekkel egys\u00e9gben, Isten, mind\u00f6r\u00f6kk\u00f6n \u00f6r\u00f6kk\u00e9.<br>R. \u00c1men.<\/p>\n\n\n\n<p>A csal\u00e1dtagok boldog \u00fcnnepet k\u00edv\u00e1nnak egym\u00e1snak \u00e9s \u00e1tadj\u00e1k aj\u00e1nd\u00e9kaikat.<\/p>\n\n\n\n<p>(<a href=\"http:\/\/nepenektar.hu\/idoszak\/karacsony\/liturgia\/23\/paralit\/146\/karacsonyi-gyertyagyujtas\" target=\"_blank\" rel=\"noreferrer noopener\">http:\/\/nepenektar.hu\/idoszak\/karacsony\/liturgia\/23\/paralit\/146\/karacsonyi-gyertyagyujtas<\/a>)<\/p>\n\n\n\n<p>A kar\u00e1csonyi id\u0151szakban \u00e1ltal\u00e1ban nem tartunk k\u00fcl\u00f6n \u00e1jtatoss\u00e1got. Leghelyesebb ilyenkor a kar\u00e1csonyi vesper\u00e1st \u00e9nekelni min\u00e9l t\u00f6bbsz\u00f6r. ha valamely napra lit\u00e1nia esne, a J\u00e9zus nev\u00e1r\u0151l sz\u00f3l\u00f3t kell mondani. A szentolvas\u00f3b\u00f3l lehet\u0151s\u00e9g szerint az \u00f6rvendetes titkokat im\u00e1dkozzuk.<\/p>\n","protected":false},"excerpt":{"rendered":"<p>A csal\u00e1dok manaps\u00e1g a kar\u00e1csonyfa alatt kezdik meg a Kar\u00e1csony \u00fcnnepl\u00e9s\u00e9t. El\u0151sz\u00f6r \u00e1dventi \u00e9nekeket \u00e9nekl\u00fcnk (pl. \u00d3 J\u00f6jj, \u00f3 j\u00f6jj, \u00dcdv\u00f6z\u00edt\u0151 1\u20132. versszak, vagy Serkenj&#8230;<\/p>\n","protected":false},"author":2,"featured_media":0,"comment_status":"closed","ping_status":"open","sticky":false,"template":"","format":"standard","meta":[],"categories":[1,11,9],"tags":[],"_links":{"self":[{"href":"https:\/\/szentistvan.dnyem.hu\/index.php?rest_route=\/wp\/v2\/posts\/4715"}],"collection":[{"href":"https:\/\/szentistvan.dnyem.hu\/index.php?rest_route=\/wp\/v2\/posts"}],"about":[{"href":"https:\/\/szentistvan.dnyem.hu\/index.php?rest_route=\/wp\/v2\/types\/post"}],"author":[{"embeddable":true,"href":"https:\/\/szentistvan.dnyem.hu\/index.php?rest_route=\/wp\/v2\/users\/2"}],"replies":[{"embeddable":true,"href":"https:\/\/szentistvan.dnyem.hu\/index.php?rest_route=%2Fwp%2Fv2%2Fcomments&post=4715"}],"version-history":[{"count":1,"href":"https:\/\/szentistvan.dnyem.hu\/index.php?rest_route=\/wp\/v2\/posts\/4715\/revisions"}],"predecessor-version":[{"id":4716,"href":"https:\/\/szentistvan.dnyem.hu\/index.php?rest_route=\/wp\/v2\/posts\/4715\/revisions\/4716"}],"wp:attachment":[{"href":"https:\/\/szentistvan.dnyem.hu\/index.php?rest_route=%2Fwp%2Fv2%2Fmedia&parent=4715"}],"wp:term":[{"taxonomy":"category","embeddable":true,"href":"https:\/\/szentistvan.dnyem.hu\/index.php?rest_route=%2Fwp%2Fv2%2Fcategories&post=4715"},{"taxonomy":"post_tag","embeddable":true,"href":"https:\/\/szentistvan.dnyem.hu\/index.php?rest_route=%2Fwp%2Fv2%2Ftags&post=4715"}],"curies":[{"name":"wp","href":"https:\/\/api.w.org\/{rel}","templated":true}]}}