{"id":4713,"date":"2022-12-20T19:07:55","date_gmt":"2022-12-20T17:07:55","guid":{"rendered":"https:\/\/szentistvan.dnyem.hu\/?p=4713"},"modified":"2022-12-20T19:07:55","modified_gmt":"2022-12-20T17:07:55","slug":"legyen-imadsagos-a-karacsony","status":"publish","type":"post","link":"https:\/\/szentistvan.dnyem.hu\/?p=4713","title":{"rendered":"Legyen im\u00e1ds\u00e1gos a kar\u00e1csony!"},"content":{"rendered":"\n<p>R\u00e9gi n\u00e9pi szok\u00e1s volt az <strong>\u00e1dventi ostyahord\u00e1s<\/strong>. Ennek hagyom\u00e1ny\u00e1t fel\u00faj\u00edthatjuk, amikor kr\u00e1csonyi aj\u00e1nd\u00e9kainkat, kedvess\u00e9g\u00fcl valamicske \u00e9lelemet stb. a gyermekekkel a rokonoknak, bar\u00e1toknak sz\u00e9tk\u00fcldj\u00fck az \u00fcnnep el\u0151tti napokban.<\/p>\n\n\n\n<p>A gyermekek e verssel k\u00f6sz\u00f6ntsenek be a megl\u00e1togatott h\u00e1zba:<\/p>\n\n\n\n<p>Mennyb\u0151l al\u00e1sz\u00e1llott kisded J\u00e9zusunknak,<br>a mennyek \u00e9s f\u00f6ldek szent Alkot\u00f3j\u00e1nak<br>sz\u00fclet\u00e9se napj\u00e1t e vil\u00e1g Ur\u00e1nak<br>\u00e9rje b\u00e9kess\u00e9ggel lak\u00f3ja e h\u00e1znak.<br>Mert a nap, hold, csillag \u00f6r\u00f6met jeleznek,<br>hogy ideje elj\u00f6tt szent sz\u00fclet\u00e9s\u00e9nek.<br>\u00c9n is aj\u00e1nd\u00e9kot hoztam szeretettel<br>a mi csal\u00e1dunkt\u00f3l, sz\u00edves \u00fcdv\u00f6zlettel.<br>Dics\u00e9rtess\u00e9k a J\u00e9zus Krisztus!<\/p>\n\n\n\n<p>Majd el\u00e9nekelnek egy \u00e1dventi \u00e9neket, p\u00e1r falatot kapnak \u00e9s t\u00e1voznak.<\/p>\n\n\n\n<p>(<a href=\"http:\/\/nepenektar.hu\/idoszak\/karacsony\/liturgia\/23\/paralit\/144\/karacsonyi-ajandekvitel\" target=\"_blank\" rel=\"noreferrer noopener\">http:\/\/nepenektar.hu\/idoszak\/karacsony\/liturgia\/23\/paralit\/144\/karacsonyi-ajandekvitel<\/a>)<\/p>\n","protected":false},"excerpt":{"rendered":"<p>R\u00e9gi n\u00e9pi szok\u00e1s volt az \u00e1dventi ostyahord\u00e1s. Ennek hagyom\u00e1ny\u00e1t fel\u00faj\u00edthatjuk, amikor kr\u00e1csonyi aj\u00e1nd\u00e9kainkat, kedvess\u00e9g\u00fcl valamicske \u00e9lelemet stb. a gyermekekkel a rokonoknak, bar\u00e1toknak sz\u00e9tk\u00fcldj\u00fck az \u00fcnnep&#8230;<\/p>\n","protected":false},"author":2,"featured_media":0,"comment_status":"closed","ping_status":"open","sticky":false,"template":"","format":"standard","meta":[],"categories":[1,11,9],"tags":[],"_links":{"self":[{"href":"https:\/\/szentistvan.dnyem.hu\/index.php?rest_route=\/wp\/v2\/posts\/4713"}],"collection":[{"href":"https:\/\/szentistvan.dnyem.hu\/index.php?rest_route=\/wp\/v2\/posts"}],"about":[{"href":"https:\/\/szentistvan.dnyem.hu\/index.php?rest_route=\/wp\/v2\/types\/post"}],"author":[{"embeddable":true,"href":"https:\/\/szentistvan.dnyem.hu\/index.php?rest_route=\/wp\/v2\/users\/2"}],"replies":[{"embeddable":true,"href":"https:\/\/szentistvan.dnyem.hu\/index.php?rest_route=%2Fwp%2Fv2%2Fcomments&post=4713"}],"version-history":[{"count":1,"href":"https:\/\/szentistvan.dnyem.hu\/index.php?rest_route=\/wp\/v2\/posts\/4713\/revisions"}],"predecessor-version":[{"id":4714,"href":"https:\/\/szentistvan.dnyem.hu\/index.php?rest_route=\/wp\/v2\/posts\/4713\/revisions\/4714"}],"wp:attachment":[{"href":"https:\/\/szentistvan.dnyem.hu\/index.php?rest_route=%2Fwp%2Fv2%2Fmedia&parent=4713"}],"wp:term":[{"taxonomy":"category","embeddable":true,"href":"https:\/\/szentistvan.dnyem.hu\/index.php?rest_route=%2Fwp%2Fv2%2Fcategories&post=4713"},{"taxonomy":"post_tag","embeddable":true,"href":"https:\/\/szentistvan.dnyem.hu\/index.php?rest_route=%2Fwp%2Fv2%2Ftags&post=4713"}],"curies":[{"name":"wp","href":"https:\/\/api.w.org\/{rel}","templated":true}]}}