{"id":4711,"date":"2022-12-20T19:04:01","date_gmt":"2022-12-20T17:04:01","guid":{"rendered":"https:\/\/szentistvan.dnyem.hu\/?p=4711"},"modified":"2022-12-20T19:04:01","modified_gmt":"2022-12-20T17:04:01","slug":"december-24","status":"publish","type":"post","link":"https:\/\/szentistvan.dnyem.hu\/?p=4711","title":{"rendered":"December 24."},"content":{"rendered":"\n<p>Kar\u00e1csony vig\u00edli\u00e1j\u00e1n, <strong>december 24-\u00e9n, az \u00e9jf\u00e9li szentmise el\u0151tt zen\u00e9s \u00e1h\u00edtatot tartunk, majd \u00e9jf\u00e9l el\u0151tt a kar\u00e1csonyi \u00fcnnephirdet\u00e9st \u00e9s <a href=\"http:\/\/nepenektar.hu\/idoszak\/karacsony\/liturgia\/10\/paralit\/143\/karacsonyi-martirologium\" target=\"_blank\" rel=\"noreferrer noopener\">martirol\u00f3giumot<\/a> v\u00e9gezz\u00fck.<\/strong><\/p>\n","protected":false},"excerpt":{"rendered":"<p>Kar\u00e1csony vig\u00edli\u00e1j\u00e1n, december 24-\u00e9n, az \u00e9jf\u00e9li szentmise el\u0151tt zen\u00e9s \u00e1h\u00edtatot tartunk, majd \u00e9jf\u00e9l el\u0151tt a kar\u00e1csonyi \u00fcnnephirdet\u00e9st \u00e9s martirol\u00f3giumot v\u00e9gezz\u00fck.<\/p>\n","protected":false},"author":2,"featured_media":0,"comment_status":"closed","ping_status":"open","sticky":false,"template":"","format":"standard","meta":[],"categories":[1,9,2],"tags":[],"_links":{"self":[{"href":"https:\/\/szentistvan.dnyem.hu\/index.php?rest_route=\/wp\/v2\/posts\/4711"}],"collection":[{"href":"https:\/\/szentistvan.dnyem.hu\/index.php?rest_route=\/wp\/v2\/posts"}],"about":[{"href":"https:\/\/szentistvan.dnyem.hu\/index.php?rest_route=\/wp\/v2\/types\/post"}],"author":[{"embeddable":true,"href":"https:\/\/szentistvan.dnyem.hu\/index.php?rest_route=\/wp\/v2\/users\/2"}],"replies":[{"embeddable":true,"href":"https:\/\/szentistvan.dnyem.hu\/index.php?rest_route=%2Fwp%2Fv2%2Fcomments&post=4711"}],"version-history":[{"count":1,"href":"https:\/\/szentistvan.dnyem.hu\/index.php?rest_route=\/wp\/v2\/posts\/4711\/revisions"}],"predecessor-version":[{"id":4712,"href":"https:\/\/szentistvan.dnyem.hu\/index.php?rest_route=\/wp\/v2\/posts\/4711\/revisions\/4712"}],"wp:attachment":[{"href":"https:\/\/szentistvan.dnyem.hu\/index.php?rest_route=%2Fwp%2Fv2%2Fmedia&parent=4711"}],"wp:term":[{"taxonomy":"category","embeddable":true,"href":"https:\/\/szentistvan.dnyem.hu\/index.php?rest_route=%2Fwp%2Fv2%2Fcategories&post=4711"},{"taxonomy":"post_tag","embeddable":true,"href":"https:\/\/szentistvan.dnyem.hu\/index.php?rest_route=%2Fwp%2Fv2%2Ftags&post=4711"}],"curies":[{"name":"wp","href":"https:\/\/api.w.org\/{rel}","templated":true}]}}