{"id":4698,"date":"2022-12-13T22:56:57","date_gmt":"2022-12-13T20:56:57","guid":{"rendered":"https:\/\/szentistvan.dnyem.hu\/?p=4698"},"modified":"2022-12-13T22:56:57","modified_gmt":"2022-12-13T20:56:57","slug":"az-adventi-kantorbojt-szerdaja","status":"publish","type":"post","link":"https:\/\/szentistvan.dnyem.hu\/?p=4698","title":{"rendered":"Az adventi k\u00e1ntorb\u00f6jt szerd\u00e1ja"},"content":{"rendered":"\n<p>St\u00e1ci\u00f3s templom: a Sancta Maria Major bazilika<br>A t\u00e9li k\u00e1ntorb\u00f6jt el\u0151sz\u00f6r h\u00e1laad\u00e1s volt a d\u00e9lvid\u00e9ken oly fontos olajterm\u00e9s\u00e9rt. Azut\u00e1n k\u00f6ny\u00f6rg\u00e9s, hogy Isten \u00e1ld\u00e1s\u00e1t tov\u00e1bbra is megkapj\u00e1k. Ez\u00e9rt b\u00f6jt\u00f6ltek \u00e9s ez\u00e9rt adt\u00e1k alamizsnak\u00e9nt Isten olt\u00e1r\u00e1ra \u00e9s Isten szeg\u00e9nyeinek term\u00e9s\u00fck tized\u00e9t. V\u00e9g\u00fcl mindezeknek k\u00f6vetkezt\u00e9ben lelki tisztul\u00e1s \u00e9s meg\u00fajul\u00e1s napjai voltak ezek a napok. Ma a r\u00e9gi, sokszoros \u00e9s sz\u00e9p jelent\u00e9s\u00fck h\u00e1tt\u00e9rbe szorult \u00e9s els\u0151sorban fokozottabb kar\u00e1csonyi el\u0151k\u00e9sz\u00fcleti napok lettek. A mai mise \u00e9ppen ez\u00e9rt a k\u00f6z\u00e9pkor kedves mis\u00e9je volt. Aranymis\u00e9nek (missa aurea) nevezt\u00e9k. A misesz\u00f6vegek sz\u00f3lnak az \u00f6r\u00f6k Ige megtestes\u00fcl\u00e9s\u00e9r\u0151l a Szent Sz\u0171z m\u00e9h\u00e9ben. Ez\u00e9rt lett a Rorate mis\u00e9k p\u00e9ldak\u00e9pe. R\u00e9gi volt\u00e1t mutatja, hogy k\u00e9t k\u00f6ny\u00f6rg\u00e9s van benne \u00e9s megvan az eredeti k\u00e9t szentlecke.<\/p>\n\n\n\n<p>Introitus: Harmatozzatok, egek, onnan fel\u00fclr\u0151l \u00e9s a f\u00f6llegek cs\u00f6p\u00f6gj\u00e9k az igazat: ny\u00edlj\u00e9k meg a f\u00f6ld \u00e9s teremje az \u00dcdv\u00f6z\u00edt\u0151t.<\/p>\n\n\n\n<p>(<a rel=\"noreferrer noopener\" href=\"http:\/\/www.katolikus-honlap.hu\/unnepek\/december.htm\" target=\"_blank\">A decemberi egyh\u00e1zi \u00fcnnepek magyar\u00e1zata a Sunyogh Xav\u00e9r f\u00e9le Missz\u00e1l\u00e9b\u00f3l<\/a>)<\/p>\n","protected":false},"excerpt":{"rendered":"<p>St\u00e1ci\u00f3s templom: a Sancta Maria Major bazilikaA t\u00e9li k\u00e1ntorb\u00f6jt el\u0151sz\u00f6r h\u00e1laad\u00e1s volt a d\u00e9lvid\u00e9ken oly fontos olajterm\u00e9s\u00e9rt. Azut\u00e1n k\u00f6ny\u00f6rg\u00e9s, hogy Isten \u00e1ld\u00e1s\u00e1t tov\u00e1bbra is megkapj\u00e1k&#8230;.<\/p>\n","protected":false},"author":2,"featured_media":0,"comment_status":"closed","ping_status":"open","sticky":false,"template":"","format":"standard","meta":[],"categories":[1,11,9],"tags":[],"_links":{"self":[{"href":"https:\/\/szentistvan.dnyem.hu\/index.php?rest_route=\/wp\/v2\/posts\/4698"}],"collection":[{"href":"https:\/\/szentistvan.dnyem.hu\/index.php?rest_route=\/wp\/v2\/posts"}],"about":[{"href":"https:\/\/szentistvan.dnyem.hu\/index.php?rest_route=\/wp\/v2\/types\/post"}],"author":[{"embeddable":true,"href":"https:\/\/szentistvan.dnyem.hu\/index.php?rest_route=\/wp\/v2\/users\/2"}],"replies":[{"embeddable":true,"href":"https:\/\/szentistvan.dnyem.hu\/index.php?rest_route=%2Fwp%2Fv2%2Fcomments&post=4698"}],"version-history":[{"count":2,"href":"https:\/\/szentistvan.dnyem.hu\/index.php?rest_route=\/wp\/v2\/posts\/4698\/revisions"}],"predecessor-version":[{"id":4700,"href":"https:\/\/szentistvan.dnyem.hu\/index.php?rest_route=\/wp\/v2\/posts\/4698\/revisions\/4700"}],"wp:attachment":[{"href":"https:\/\/szentistvan.dnyem.hu\/index.php?rest_route=%2Fwp%2Fv2%2Fmedia&parent=4698"}],"wp:term":[{"taxonomy":"category","embeddable":true,"href":"https:\/\/szentistvan.dnyem.hu\/index.php?rest_route=%2Fwp%2Fv2%2Fcategories&post=4698"},{"taxonomy":"post_tag","embeddable":true,"href":"https:\/\/szentistvan.dnyem.hu\/index.php?rest_route=%2Fwp%2Fv2%2Ftags&post=4698"}],"curies":[{"name":"wp","href":"https:\/\/api.w.org\/{rel}","templated":true}]}}