{"id":4696,"date":"2022-12-13T22:54:48","date_gmt":"2022-12-13T20:54:48","guid":{"rendered":"https:\/\/szentistvan.dnyem.hu\/?p=4696"},"modified":"2022-12-13T22:54:48","modified_gmt":"2022-12-13T20:54:48","slug":"advent-harmadik-vasarnapja","status":"publish","type":"post","link":"https:\/\/szentistvan.dnyem.hu\/?p=4696","title":{"rendered":"Advent harmadik vas\u00e1rnapja"},"content":{"rendered":"\n<p>St\u00e1ci\u00f3s templom: Szent P\u00e9ter bazilik\u00e1ja<br>Az adventi \u00f6r\u00f6m vas\u00e1rnapja. Az Anyaszentegyh\u00e1z, mint j\u00f3 \u00e9desany\u00e1nk, ezzel az \u00f6r\u00f6mmel akarja enyh\u00edteni a b\u0171nb\u00e1nat szigor\u00fas\u00e1g\u00e1t. Az eg\u00e9sz istentisztelet alaphangulata az \u00f6r\u00f6m. Ma szabad r\u00f3zsasz\u00ednben mondani a mis\u00e9t \u00e9s sz\u00f3lhat az orgona. Az \u00f6r\u00f6m forr\u00e1sa: k\u00f6zel van az \u00dar. Ezt mondja a bevezet\u0151 \u00e9nek, err\u0151l besz\u00e9l a szentlecke, ezt er\u0151s\u00edti meg az evang\u00e9lium: \u00edme k\u00f6ztetek van a Megv\u00e1lt\u00f3. \u00c1m hozz\u00e1teszi, de ti nem ismeritek. Kell-e \u00e9desany\u00e1nk, az Anyaszentegyh\u00e1z figyelmeztet\u00e9s\u00e9n\u00e9l er\u0151sebb \u00f6szt\u00f6k\u00e9l\u0151? Iparkodjunk megismerni az Urat, aki k\u00f6zt\u00fcnk van most is.<\/p>\n\n\n\n<p>Introitus: \u00d6r\u00fcljetek az \u00darban mindig: \u00fajra mondom: \u00f6r\u00fcljetek. Ismerje meg mindenki a szel\u00edds\u00e9gteket, mert az \u00dar k\u00f6zel vagyon. Ne legyetek semmiben aggodalmaskod\u00f3k, hanem mindenben terjessz\u00e9tek a k\u00e9r\u00e9seiteket az Isten el\u00e9.<\/p>\n\n\n\n<p>(<a href=\"http:\/\/www.katolikus-honlap.hu\/unnepek\/december.htm\" target=\"_blank\" rel=\"noreferrer noopener\">A decemberi egyh\u00e1zi \u00fcnnepek magyar\u00e1zata a Sunyogh Xav\u00e9r f\u00e9le Missz\u00e1l\u00e9b\u00f3l<\/a>)<\/p>\n","protected":false},"excerpt":{"rendered":"<p>St\u00e1ci\u00f3s templom: Szent P\u00e9ter bazilik\u00e1jaAz adventi \u00f6r\u00f6m vas\u00e1rnapja. Az Anyaszentegyh\u00e1z, mint j\u00f3 \u00e9desany\u00e1nk, ezzel az \u00f6r\u00f6mmel akarja enyh\u00edteni a b\u0171nb\u00e1nat szigor\u00fas\u00e1g\u00e1t. Az eg\u00e9sz istentisztelet alaphangulata&#8230;<\/p>\n","protected":false},"author":2,"featured_media":0,"comment_status":"closed","ping_status":"open","sticky":false,"template":"","format":"standard","meta":[],"categories":[1,11,9],"tags":[],"_links":{"self":[{"href":"https:\/\/szentistvan.dnyem.hu\/index.php?rest_route=\/wp\/v2\/posts\/4696"}],"collection":[{"href":"https:\/\/szentistvan.dnyem.hu\/index.php?rest_route=\/wp\/v2\/posts"}],"about":[{"href":"https:\/\/szentistvan.dnyem.hu\/index.php?rest_route=\/wp\/v2\/types\/post"}],"author":[{"embeddable":true,"href":"https:\/\/szentistvan.dnyem.hu\/index.php?rest_route=\/wp\/v2\/users\/2"}],"replies":[{"embeddable":true,"href":"https:\/\/szentistvan.dnyem.hu\/index.php?rest_route=%2Fwp%2Fv2%2Fcomments&post=4696"}],"version-history":[{"count":1,"href":"https:\/\/szentistvan.dnyem.hu\/index.php?rest_route=\/wp\/v2\/posts\/4696\/revisions"}],"predecessor-version":[{"id":4697,"href":"https:\/\/szentistvan.dnyem.hu\/index.php?rest_route=\/wp\/v2\/posts\/4696\/revisions\/4697"}],"wp:attachment":[{"href":"https:\/\/szentistvan.dnyem.hu\/index.php?rest_route=%2Fwp%2Fv2%2Fmedia&parent=4696"}],"wp:term":[{"taxonomy":"category","embeddable":true,"href":"https:\/\/szentistvan.dnyem.hu\/index.php?rest_route=%2Fwp%2Fv2%2Fcategories&post=4696"},{"taxonomy":"post_tag","embeddable":true,"href":"https:\/\/szentistvan.dnyem.hu\/index.php?rest_route=%2Fwp%2Fv2%2Ftags&post=4696"}],"curies":[{"name":"wp","href":"https:\/\/api.w.org\/{rel}","templated":true}]}}