{"id":4694,"date":"2022-12-13T22:48:53","date_gmt":"2022-12-13T20:48:53","guid":{"rendered":"https:\/\/szentistvan.dnyem.hu\/?p=4694"},"modified":"2022-12-13T22:48:53","modified_gmt":"2022-12-13T20:48:53","slug":"templom-felkeszitese-karacsonyra","status":"publish","type":"post","link":"https:\/\/szentistvan.dnyem.hu\/?p=4694","title":{"rendered":"Templom felk\u00e9sz\u00edt\u00e9se kar\u00e1csonyra"},"content":{"rendered":"\n<p>A kar\u00e1csonyi <strong>templom vir\u00e1gd\u00edsz\u00edt\u00e9s\u00e9re adom\u00e1nyokat<\/strong> h\u00e1l\u00e1s sz\u00edvvel fogadunk. <\/p>\n\n\n\n<p><strong>A templom kar\u00e1csony el\u0151tti nagytakar\u00edt\u00e1s\u00e1ban<\/strong> is v\u00e1rjuk a szorgalmas,dolgos kez\u0171 h\u00edvek \u00f6nk\u00e9ntes seg\u00edts\u00e9g\u00e9t. Ennek egyeztet\u00e9s\u00e9t Kizman P\u00e1l sekresty\u00e9sn\u00e9l tehetik meg.<\/p>\n","protected":false},"excerpt":{"rendered":"<p>A kar\u00e1csonyi templom vir\u00e1gd\u00edsz\u00edt\u00e9s\u00e9re adom\u00e1nyokat h\u00e1l\u00e1s sz\u00edvvel fogadunk. A templom kar\u00e1csony el\u0151tti nagytakar\u00edt\u00e1s\u00e1ban is v\u00e1rjuk a szorgalmas,dolgos kez\u0171 h\u00edvek \u00f6nk\u00e9ntes seg\u00edts\u00e9g\u00e9t. Ennek egyeztet\u00e9s\u00e9t Kizman P\u00e1l&#8230;<\/p>\n","protected":false},"author":2,"featured_media":0,"comment_status":"closed","ping_status":"open","sticky":false,"template":"","format":"standard","meta":[],"categories":[1,2],"tags":[],"_links":{"self":[{"href":"https:\/\/szentistvan.dnyem.hu\/index.php?rest_route=\/wp\/v2\/posts\/4694"}],"collection":[{"href":"https:\/\/szentistvan.dnyem.hu\/index.php?rest_route=\/wp\/v2\/posts"}],"about":[{"href":"https:\/\/szentistvan.dnyem.hu\/index.php?rest_route=\/wp\/v2\/types\/post"}],"author":[{"embeddable":true,"href":"https:\/\/szentistvan.dnyem.hu\/index.php?rest_route=\/wp\/v2\/users\/2"}],"replies":[{"embeddable":true,"href":"https:\/\/szentistvan.dnyem.hu\/index.php?rest_route=%2Fwp%2Fv2%2Fcomments&post=4694"}],"version-history":[{"count":1,"href":"https:\/\/szentistvan.dnyem.hu\/index.php?rest_route=\/wp\/v2\/posts\/4694\/revisions"}],"predecessor-version":[{"id":4695,"href":"https:\/\/szentistvan.dnyem.hu\/index.php?rest_route=\/wp\/v2\/posts\/4694\/revisions\/4695"}],"wp:attachment":[{"href":"https:\/\/szentistvan.dnyem.hu\/index.php?rest_route=%2Fwp%2Fv2%2Fmedia&parent=4694"}],"wp:term":[{"taxonomy":"category","embeddable":true,"href":"https:\/\/szentistvan.dnyem.hu\/index.php?rest_route=%2Fwp%2Fv2%2Fcategories&post=4694"},{"taxonomy":"post_tag","embeddable":true,"href":"https:\/\/szentistvan.dnyem.hu\/index.php?rest_route=%2Fwp%2Fv2%2Ftags&post=4694"}],"curies":[{"name":"wp","href":"https:\/\/api.w.org\/{rel}","templated":true}]}}