{"id":4689,"date":"2022-12-05T13:30:24","date_gmt":"2022-12-05T11:30:24","guid":{"rendered":"https:\/\/szentistvan.dnyem.hu\/?p=4689"},"modified":"2022-12-05T13:30:24","modified_gmt":"2022-12-05T11:30:24","slug":"csokay-andras-eloadasa","status":"publish","type":"post","link":"https:\/\/szentistvan.dnyem.hu\/?p=4689","title":{"rendered":"Cs\u00f3kay Andr\u00e1s el\u0151ad\u00e1sa"},"content":{"rendered":"\n<p><strong>Dr. Cs\u00f3kay Andr\u00e1s december 6-\u00e1n (kedden) 18:00 \u00f3r\u00e1t\u00f3l el\u0151ad\u00e1st tart a Szent Istv\u00e1n kir\u00e1ly templomban.<\/strong><\/p>\n","protected":false},"excerpt":{"rendered":"<p>Dr. Cs\u00f3kay Andr\u00e1s december 6-\u00e1n (kedden) 18:00 \u00f3r\u00e1t\u00f3l el\u0151ad\u00e1st tart a Szent Istv\u00e1n kir\u00e1ly templomban.<\/p>\n","protected":false},"author":2,"featured_media":0,"comment_status":"closed","ping_status":"open","sticky":false,"template":"","format":"standard","meta":[],"categories":[1,11,2],"tags":[],"_links":{"self":[{"href":"https:\/\/szentistvan.dnyem.hu\/index.php?rest_route=\/wp\/v2\/posts\/4689"}],"collection":[{"href":"https:\/\/szentistvan.dnyem.hu\/index.php?rest_route=\/wp\/v2\/posts"}],"about":[{"href":"https:\/\/szentistvan.dnyem.hu\/index.php?rest_route=\/wp\/v2\/types\/post"}],"author":[{"embeddable":true,"href":"https:\/\/szentistvan.dnyem.hu\/index.php?rest_route=\/wp\/v2\/users\/2"}],"replies":[{"embeddable":true,"href":"https:\/\/szentistvan.dnyem.hu\/index.php?rest_route=%2Fwp%2Fv2%2Fcomments&post=4689"}],"version-history":[{"count":1,"href":"https:\/\/szentistvan.dnyem.hu\/index.php?rest_route=\/wp\/v2\/posts\/4689\/revisions"}],"predecessor-version":[{"id":4690,"href":"https:\/\/szentistvan.dnyem.hu\/index.php?rest_route=\/wp\/v2\/posts\/4689\/revisions\/4690"}],"wp:attachment":[{"href":"https:\/\/szentistvan.dnyem.hu\/index.php?rest_route=%2Fwp%2Fv2%2Fmedia&parent=4689"}],"wp:term":[{"taxonomy":"category","embeddable":true,"href":"https:\/\/szentistvan.dnyem.hu\/index.php?rest_route=%2Fwp%2Fv2%2Fcategories&post=4689"},{"taxonomy":"post_tag","embeddable":true,"href":"https:\/\/szentistvan.dnyem.hu\/index.php?rest_route=%2Fwp%2Fv2%2Ftags&post=4689"}],"curies":[{"name":"wp","href":"https:\/\/api.w.org\/{rel}","templated":true}]}}