{"id":4676,"date":"2022-12-05T00:47:02","date_gmt":"2022-12-04T22:47:02","guid":{"rendered":"https:\/\/szentistvan.dnyem.hu\/?p=4676"},"modified":"2022-12-20T18:54:56","modified_gmt":"2022-12-20T16:54:56","slug":"szallast-keres-a-szent-csalad-3","status":"publish","type":"post","link":"https:\/\/szentistvan.dnyem.hu\/?p=4676","title":{"rendered":"Sz\u00e1ll\u00e1st keres a Szent Csal\u00e1d"},"content":{"rendered":"\n<div class=\"wp-block-media-text alignwide is-stacked-on-mobile\"><figure class=\"wp-block-media-text__media\"><img loading=\"lazy\" width=\"1024\" height=\"1024\" src=\"https:\/\/szentistvan.dnyem.hu\/wp-content\/uploads\/2022\/12\/Legyen-1-1024x1024.png\" alt=\"\" class=\"wp-image-4678 size-full\" srcset=\"https:\/\/szentistvan.dnyem.hu\/wp-content\/uploads\/2022\/12\/Legyen-1-1024x1024.png 1024w, https:\/\/szentistvan.dnyem.hu\/wp-content\/uploads\/2022\/12\/Legyen-1-540x540.png 540w, https:\/\/szentistvan.dnyem.hu\/wp-content\/uploads\/2022\/12\/Legyen-1-150x150.png 150w, https:\/\/szentistvan.dnyem.hu\/wp-content\/uploads\/2022\/12\/Legyen-1-768x768.png 768w, https:\/\/szentistvan.dnyem.hu\/wp-content\/uploads\/2022\/12\/Legyen-1-100x100.png 100w, https:\/\/szentistvan.dnyem.hu\/wp-content\/uploads\/2022\/12\/Legyen-1.png 1080w\" sizes=\"(max-width: 1024px) 100vw, 1024px\" \/><\/figure><div class=\"wp-block-media-text__content\">\n<p class=\"has-large-font-size\"><\/p>\n<\/div><\/div>\n\n\n\n<p>December 16-\u00e1n, a p\u00e9nteki szentmise \u00e9s laudes ut\u00e1n elindult a Szent Csal\u00e1d k\u00e9pe, hogy otthonra tal\u00e1ljon a debreceni katolikus csal\u00e1dok k\u00f6r\u00e9ben. K\u00f6sz\u00f6n\u00f6m az \u00e1jtatoss\u00e1got v\u00e1llal\u00f3 csal\u00e1dok buzg\u00f3s\u00e1g\u00e1t. K\u00e9rem \u0151ket, im\u00e1dkozzanak az egyh\u00e1zk\u00f6zs\u00e9g\u00e9rt is!<\/p>\n\n\n\n<p>A Szent Csal\u00e1d kilenced a XX. sz\u00e1zad elej\u00e9n sz\u00fcletett: a kar\u00e1csonyi \u00fcnnep el\u0151tt kilenc napon \u00e1t ism\u00e9tl\u0151d\u0151 sz\u00e1ll\u00e1skeres\u00e9s. A sz\u00e1ll\u00e1skeres\u0151 Szent Csal\u00e1d tisztelet\u00e9re 9 csal\u00e1d \u00f6ssze\u00e1ll, hogy december 15-t\u0151l kar\u00e1csony est\u00e9ig naponta felv\u00e1ltva a Szent Csal\u00e1dnak (M\u00e1ri\u00e1t, J\u00f3zsefet \u00e9s J\u00e9zust \u00e1br\u00e1zol\u00f3 k\u00e9pnek, kis szobornak) sz\u00e1ll\u00e1st adjanak. A soros csal\u00e1dban m\u00e1r k\u00e9sz a h\u00e1zi olt\u00e1r, \u00e9g\u0151 m\u00e9csessel vagy gyerty\u00e1val, ahol rendesen a t\u00f6bbi csal\u00e1dok is \u00f6sszegy\u00fclekeznek, amikor az esti \u00darangyal\u00e1ra harangoznak. <\/p>\n\n\n\n<p>Amikor a Szent Csal\u00e1d az \u00faj csal\u00e1dhoz \u00e9rkezik, let\u00e9rdel a h\u00e1zin\u00e9p, mik\u00f6zben megfelel\u0151 sz\u00f6vegez\u00e9s\u0171 im\u00e1ds\u00e1gokat mondanak. A Szent Csal\u00e1d el\u0151tt rendesen \u00e1jtatoss\u00e1got is szoktak v\u00e9gezni: a lorett\u00f3i lit\u00e1ni\u00e1t, Szent J\u00f3zsef vagy J\u00e9zus Sz\u00edve lit\u00e1ni\u00e1j\u00e1t, majd felaj\u00e1nlj\u00e1k az eg\u00e9sz csal\u00e1dot a Szent Csal\u00e1d oltalm\u00e1ba. K\u00f6zben term\u00e9szetesen \u00e9nekelni is szoktak.<\/p>\n\n\n\n<p>Haz\u00e1nkban sok helyen elterjedt hagyom\u00e1ny a <em>Sz\u00e1ll\u00e1st keres a Szent Csal\u00e1d<\/em> \u00e1dventi \u00e1jtatoss\u00e1g. Ennek l\u00e9nyege, hogy befogadjuk a templomban meg\u00e1ldott, Szent Csal\u00e1dot \u00e1br\u00e1zol\u00f3 k\u00e9pet egy teljes napra, oly m\u00f3don, hogy a r\u00e9szvev\u0151 csal\u00e1dok egym\u00e1snak adj\u00e1k tov\u00e1bb a festm\u00e9nyt vagy alkot\u00e1st legt\u00f6bbsz\u00f6r k\u00f6t\u00f6tt im\u00e1ds\u00e1gok \u00e1telm\u00e9lked\u00e9s\u00e9vel. Ezek a foh\u00e1szok \u00e9s interakt\u00edv p\u00e1rbesz\u00e9dek, melyeket a k\u00e9pet hoz\u00f3, illetve a befogad\u00f3 csal\u00e1dok k\u00f6z\u00f6sen mondanak el, seg\u00edtenek abban, hogy az adventi k\u00e9sz\u00fcl\u0151d\u00e9s id\u0151szak\u00e1t bens\u0151s\u00e9gesebb \u00f6r\u00f6mmel \u00e9s befogad\u00f3 lelk\u00fclettel \u00e9lj\u00fck meg, ahogyan a Szent Csal\u00e1d tehette ezt t\u00f6bb mint 2000 \u00e9vvel ezel\u0151tt. <\/p>\n\n\n\n<p>Az \u00e1jtatoss\u00e1g sz\u00f6veg\u00e9t megkapt\u00e1k a jelentkez\u0151 csal\u00e1dok, a let\u00f6lt\u0151 link (<a rel=\"noreferrer noopener\" href=\"https:\/\/szentistvan.dnyem.hu\/wp-content\/uploads\/2022\/12\/szallas.pdf\" target=\"_blank\">https:\/\/szentistvan.dnyem.hu\/wp-content\/uploads\/2022\/12\/szallas.pdf<\/a>) megtal\u00e1lhat\u00f3 a sz\u00f6veg alatt, \u00edgy digit\u00e1lis form\u00e1ban ak\u00e1r okostelefonon, t\u00e1blag\u00e9pen is rendelkez\u00e9sre \u00e1ll, hogy meglegyen a folytonoss\u00e1ga az \u00e1jtatoss\u00e1gnak, hogy az val\u00f3ban nagy k\u00f6z\u00f6s im\u00e1ds\u00e1gg\u00e1 olvadhasson \u00f6ssze, egyes\u00fclve a Szent Csal\u00e1d \u00f6r\u00f6m\u00e9vel.<\/p>\n\n\n\n<p>B\u00e1tor\u00edtjuk tov\u00e1bb\u00e1 a r\u00e9sztvev\u0151 csal\u00e1dok tagjait, hogy a r\u00e1juk es\u0151 napon gy\u00f3njanak \u00e9s \u00e1ldozzanak, vagy pedig egy\u00fctt a befejez\u0151 napon k\u00f6z\u00f6sen j\u00e1ruljanak szent\u00e1ldoz\u00e1shoz.<\/p>\n\n\n\n<p><strong>&#8220;<\/strong>Legal\u00e1bb ti, j\u00f3 emberek<br>Fogadj\u00e1tok a kisdedet<br>H\u00e1zatokra boldogs\u00e1g sz\u00e1ll<br>Ha bet\u00e9r az \u00e9gi kir\u00e1ly!&#8221;<\/p>\n\n\n\n<p>Sz\u00f3l a sz\u00e1ll\u00e1st keres\u0151 Szent Csal\u00e1d \u00e9neke, mely kar\u00e1csonyhoz k\u00f6zeledve az emberek sz\u00edv\u00e9hez sz\u00f3l, mikor a h\u00e1zakba t\u00e9r be.<\/p>\n\n\n\n<div class=\"wp-block-file\"><a href=\"https:\/\/szentistvan.dnyem.hu\/wp-content\/uploads\/2022\/12\/szallas.pdf\" class=\"wp-block-file__button\" download>Sz\u00e1ll\u00e1st keres a Szent Csal\u00e1d \u00e1jtatoss\u00e1g sz\u00f6vege<\/a><\/div>\n\n\n\n<p><\/p>\n","protected":false},"excerpt":{"rendered":"<p>December 16-\u00e1n, a p\u00e9nteki szentmise \u00e9s laudes ut\u00e1n elindult a Szent Csal\u00e1d k\u00e9pe, hogy otthonra tal\u00e1ljon a debreceni katolikus csal\u00e1dok k\u00f6r\u00e9ben. K\u00f6sz\u00f6n\u00f6m az \u00e1jtatoss\u00e1got v\u00e1llal\u00f3&#8230;<\/p>\n","protected":false},"author":2,"featured_media":0,"comment_status":"closed","ping_status":"open","sticky":false,"template":"","format":"standard","meta":[],"categories":[1,9,2],"tags":[],"_links":{"self":[{"href":"https:\/\/szentistvan.dnyem.hu\/index.php?rest_route=\/wp\/v2\/posts\/4676"}],"collection":[{"href":"https:\/\/szentistvan.dnyem.hu\/index.php?rest_route=\/wp\/v2\/posts"}],"about":[{"href":"https:\/\/szentistvan.dnyem.hu\/index.php?rest_route=\/wp\/v2\/types\/post"}],"author":[{"embeddable":true,"href":"https:\/\/szentistvan.dnyem.hu\/index.php?rest_route=\/wp\/v2\/users\/2"}],"replies":[{"embeddable":true,"href":"https:\/\/szentistvan.dnyem.hu\/index.php?rest_route=%2Fwp%2Fv2%2Fcomments&post=4676"}],"version-history":[{"count":9,"href":"https:\/\/szentistvan.dnyem.hu\/index.php?rest_route=\/wp\/v2\/posts\/4676\/revisions"}],"predecessor-version":[{"id":4706,"href":"https:\/\/szentistvan.dnyem.hu\/index.php?rest_route=\/wp\/v2\/posts\/4676\/revisions\/4706"}],"wp:attachment":[{"href":"https:\/\/szentistvan.dnyem.hu\/index.php?rest_route=%2Fwp%2Fv2%2Fmedia&parent=4676"}],"wp:term":[{"taxonomy":"category","embeddable":true,"href":"https:\/\/szentistvan.dnyem.hu\/index.php?rest_route=%2Fwp%2Fv2%2Fcategories&post=4676"},{"taxonomy":"post_tag","embeddable":true,"href":"https:\/\/szentistvan.dnyem.hu\/index.php?rest_route=%2Fwp%2Fv2%2Ftags&post=4676"}],"curies":[{"name":"wp","href":"https:\/\/api.w.org\/{rel}","templated":true}]}}