{"id":467,"date":"2015-11-09T15:44:26","date_gmt":"2015-11-09T14:44:26","guid":{"rendered":"http:\/\/szentistvan.dnyem.hu\/?p=467"},"modified":"2015-11-15T13:01:06","modified_gmt":"2015-11-15T12:01:06","slug":"egyhazmegyei-szavaloverseny","status":"publish","type":"post","link":"https:\/\/szentistvan.dnyem.hu\/?p=467","title":{"rendered":"Egyh\u00e1zmegyei szaval\u00f3verseny"},"content":{"rendered":"<p><strong>Ny\u00edregyh\u00e1z\u00e1n az Egyh\u00e1zmegyei Lelkip\u00e1sztori Int\u00e9zetben (Kossuth t\u00e9r 4.) december 5-\u00e9n, szombaton 13.00-t\u00f3l<\/strong> Egyh\u00e1zmegyei Szaval\u00f3verseny.<\/p>\n<p><strong>Jelentkez\u00e9si hat\u00e1rid\u0151: november 23<\/strong>.<\/p>\n<p>Nevezni n\u00e9gy koroszt\u00e1lynak (\u00f3vod\u00e1sok, 1-2. oszt\u00e1lyosok, 3-4. oszt\u00e1lyosok \u00e9s 5-8. oszt\u00e1lyosok) lehet vagy egy adventi vagy kar\u00e1csonyi vagy h\u00fasv\u00e9ti vagy bibliai t\u00e9m\u00e1j\u00fa verssel.<\/p>\n","protected":false},"excerpt":{"rendered":"<p>Ny\u00edregyh\u00e1z\u00e1n az Egyh\u00e1zmegyei Lelkip\u00e1sztori Int\u00e9zetben (Kossuth t\u00e9r 4.) december 5-\u00e9n, szombaton 13.00-t\u00f3l Egyh\u00e1zmegyei Szaval\u00f3verseny. Jelentkez\u00e9si hat\u00e1rid\u0151: november 23. Nevezni n\u00e9gy koroszt\u00e1lynak (\u00f3vod\u00e1sok, 1-2. oszt\u00e1lyosok, 3-4&#8230;.<\/p>\n","protected":false},"author":2,"featured_media":0,"comment_status":"closed","ping_status":"open","sticky":false,"template":"","format":"standard","meta":[],"categories":[2],"tags":[],"_links":{"self":[{"href":"https:\/\/szentistvan.dnyem.hu\/index.php?rest_route=\/wp\/v2\/posts\/467"}],"collection":[{"href":"https:\/\/szentistvan.dnyem.hu\/index.php?rest_route=\/wp\/v2\/posts"}],"about":[{"href":"https:\/\/szentistvan.dnyem.hu\/index.php?rest_route=\/wp\/v2\/types\/post"}],"author":[{"embeddable":true,"href":"https:\/\/szentistvan.dnyem.hu\/index.php?rest_route=\/wp\/v2\/users\/2"}],"replies":[{"embeddable":true,"href":"https:\/\/szentistvan.dnyem.hu\/index.php?rest_route=%2Fwp%2Fv2%2Fcomments&post=467"}],"version-history":[{"count":2,"href":"https:\/\/szentistvan.dnyem.hu\/index.php?rest_route=\/wp\/v2\/posts\/467\/revisions"}],"predecessor-version":[{"id":477,"href":"https:\/\/szentistvan.dnyem.hu\/index.php?rest_route=\/wp\/v2\/posts\/467\/revisions\/477"}],"wp:attachment":[{"href":"https:\/\/szentistvan.dnyem.hu\/index.php?rest_route=%2Fwp%2Fv2%2Fmedia&parent=467"}],"wp:term":[{"taxonomy":"category","embeddable":true,"href":"https:\/\/szentistvan.dnyem.hu\/index.php?rest_route=%2Fwp%2Fv2%2Fcategories&post=467"},{"taxonomy":"post_tag","embeddable":true,"href":"https:\/\/szentistvan.dnyem.hu\/index.php?rest_route=%2Fwp%2Fv2%2Ftags&post=467"}],"curies":[{"name":"wp","href":"https:\/\/api.w.org\/{rel}","templated":true}]}}