{"id":4669,"date":"2022-11-29T23:08:36","date_gmt":"2022-11-29T21:08:36","guid":{"rendered":"https:\/\/szentistvan.dnyem.hu\/?p=4669"},"modified":"2022-11-29T23:08:36","modified_gmt":"2022-11-29T21:08:36","slug":"advent-az-unnep-tartalma","status":"publish","type":"post","link":"https:\/\/szentistvan.dnyem.hu\/?p=4669","title":{"rendered":"Advent &#8211; az \u00fcnnep tartalma"},"content":{"rendered":"<h3>Mit is jelent az &#8220;Advent&#8221; sz\u00f3?<\/h3>\n\n\n<p>Advent, Adventus Domini = az \u00dar elj\u00f6vetele, r\u00f6viden: \u00darj\u00f6vet. Advent az \u00dar kegyelemhoz\u00f3 elj\u00f6vetel\u00e9re val\u00f3 felk\u00e9sz\u00fcl\u00e9s id\u0151szaka.<\/p>\n\n\n<h3>Mikor tartjuk az Adventet?<\/h3>\n\n\n<p>Advent &#8211; egyben az egyh\u00e1zi \u00e9v &#8211; a Szent Andr\u00e1s \u00fcnnep\u00e9hez (nov. 30.) legk\u00f6zelebb es\u0151 vas\u00e1rnappal, illetve annak el\u0151est\u00e9j\u00e9vel kezd\u0151dik. N\u00e9gy h\u00e9tb\u0151l \u00e1ll, a negyedik t\u00f6bbnyire csonka. A liturgikus sz\u00edn: viola (kiv\u00e9ve Advent III. vas\u00e1rnapj\u00e1n, amikor szabad r\u00f3zsasz\u00ednt haszn\u00e1lni). December 17-t\u0151l m\u00e1r a k\u00f6zvetlen kar\u00e1csonyi el\u0151k\u00e9sz\u00fclet jeles napjait tartjuk.<\/p>\n\n\n<h3>Milyen \u00darj\u00f6vetr\u0151l eml\u00e9kez\u00fcnk meg Adventben?<\/h3>\n\n\n<p>1. T\u00f6rt\u00e9nelmi \u00darj\u00f6vet. Az \u00d3sz\u00f6vets\u00e9g v\u00e1rakoz\u00e1sa Krisztus els\u0151 (al\u00e1zatos) elj\u00f6vetel\u00e9re &#8220;az id\u0151k teljess\u00e9g\u00e9ben&#8221;.<br>2. Kegyelmi \u00darj\u00f6vet. A h\u00edv\u0151 l\u00e9lek v\u00e1rakoz\u00e1sa Krisztus folytonos (lelki) elj\u00f6vetel\u00e9re a Kar\u00e1csonyban.<br>3. Eszkatologikus \u00darj\u00f6vet. Az Egyh\u00e1z virraszt\u00f3 v\u00e1rakoz\u00e1sa Krisztus m\u00e1sodik (diadalmas) elj\u00f6vetel\u00e9re az Utols\u00f3 Napon.<\/p>\n\n\n<h3>Kik az Advent lelki mesterei?<\/h3>\n<p>1. Izai\u00e1s pr\u00f3f\u00e9ta, a v\u00e1gyakoz\u00e1s tan\u00edt\u00f3ja: &#8220;Harmatozzatok, egek, onnan fel\u00fclr\u0151l!&#8221; (Iz 45,8)<br \/>2. Keresztel\u0151 Szent J\u00e1nos, a felk\u00e9sz\u00fcl\u00e9s tan\u00edt\u00f3ja: &#8220;K\u00e9sz\u00edts\u00e9tek az \u00dar \u00fatj\u00e1t!&#8221; (Mt 3,3)<br \/>3. Sz\u0171z M\u00e1ria, az \u00f6n\u00e1tad\u00f3, al\u00e1zatos v\u00e1rakoz\u00e1s tan\u00edt\u00f3ja: &#8220;Legyen nekem a te ig\u00e9d szerint!&#8221; (Lk 1,38)<\/p>\n\n<h3>Mi jellemzi az Adventi lelk\u00fcletet?<\/h3>\n\n<ol>\n<li>Saj\u00e1t gyenges\u00e9g\u00fcnk, megv\u00e1lt\u00e1sra val\u00f3 r\u00e1szorults\u00e1gunk tudata, mert &#8220;Isten a kev\u00e9lyeknek ellen\u00e1ll, az al\u00e1zatosaknak megkegyelmez&#8221; (Jak 4,6).<\/li>\n<li>B\u0171n\u00f6s m\u00faltunk elutas\u00edt\u00e1sa, \u00e1lland\u00f3 foh\u00e1szkod\u00e1s Isten irgalm\u00e1\u00e9rt: &#8220;Mutasd meg nek\u00fcnk, Urunk, irgalmass\u00e1godat!&#8221; (Zsolt 84,8).<\/li>\n<li>Figyelmes, \u00e9ber v\u00e1rakoz\u00e1s, rem\u00e9nyked\u0151 virraszt\u00e1s: &#8220;Virrasszatok, mert amely \u00f3r\u00e1ban nem is gondolj\u00e1tok, elj\u00f6n az Emberfia!&#8221; (Mk 13,35).<\/li>\n<\/ol>\n<p>(<a href=\"http:\/\/www.vancouveri-katolikus-templom.org\/unnep\/advent.htm\">http:\/\/www.vancouveri-katolikus-templom.org\/unnep\/advent.htm<\/a>)<\/p>\n\n\n<script>\nvar igemutato = {config: {forditas: 'KNB'}},\ns = document.getElementsByTagName('script')[0],\ne = document.createElement('script');\ne.id = 'igemutato-script';\ne.src = 'https:\/\/molnarm.github.io\/igemutato.min.js';\ns.parentNode.insertBefore(e, s);\n<\/script>\n","protected":false},"excerpt":{"rendered":"<p>Mit is jelent az &#8220;Advent&#8221; sz\u00f3? Advent, Adventus Domini = az \u00dar elj\u00f6vetele, r\u00f6viden: \u00darj\u00f6vet. Advent az \u00dar kegyelemhoz\u00f3 elj\u00f6vetel\u00e9re val\u00f3 felk\u00e9sz\u00fcl\u00e9s id\u0151szaka. Mikor tartjuk&#8230;<\/p>\n","protected":false},"author":2,"featured_media":0,"comment_status":"closed","ping_status":"open","sticky":false,"template":"","format":"standard","meta":[],"categories":[1,11,9],"tags":[],"_links":{"self":[{"href":"https:\/\/szentistvan.dnyem.hu\/index.php?rest_route=\/wp\/v2\/posts\/4669"}],"collection":[{"href":"https:\/\/szentistvan.dnyem.hu\/index.php?rest_route=\/wp\/v2\/posts"}],"about":[{"href":"https:\/\/szentistvan.dnyem.hu\/index.php?rest_route=\/wp\/v2\/types\/post"}],"author":[{"embeddable":true,"href":"https:\/\/szentistvan.dnyem.hu\/index.php?rest_route=\/wp\/v2\/users\/2"}],"replies":[{"embeddable":true,"href":"https:\/\/szentistvan.dnyem.hu\/index.php?rest_route=%2Fwp%2Fv2%2Fcomments&post=4669"}],"version-history":[{"count":1,"href":"https:\/\/szentistvan.dnyem.hu\/index.php?rest_route=\/wp\/v2\/posts\/4669\/revisions"}],"predecessor-version":[{"id":4670,"href":"https:\/\/szentistvan.dnyem.hu\/index.php?rest_route=\/wp\/v2\/posts\/4669\/revisions\/4670"}],"wp:attachment":[{"href":"https:\/\/szentistvan.dnyem.hu\/index.php?rest_route=%2Fwp%2Fv2%2Fmedia&parent=4669"}],"wp:term":[{"taxonomy":"category","embeddable":true,"href":"https:\/\/szentistvan.dnyem.hu\/index.php?rest_route=%2Fwp%2Fv2%2Fcategories&post=4669"},{"taxonomy":"post_tag","embeddable":true,"href":"https:\/\/szentistvan.dnyem.hu\/index.php?rest_route=%2Fwp%2Fv2%2Ftags&post=4669"}],"curies":[{"name":"wp","href":"https:\/\/api.w.org\/{rel}","templated":true}]}}