{"id":4630,"date":"2022-11-13T15:32:37","date_gmt":"2022-11-13T13:32:37","guid":{"rendered":"https:\/\/szentistvan.dnyem.hu\/?p=4630"},"modified":"2022-11-13T15:32:37","modified_gmt":"2022-11-13T13:32:37","slug":"reformatus-istentiszteletek-templomunkban","status":"publish","type":"post","link":"https:\/\/szentistvan.dnyem.hu\/?p=4630","title":{"rendered":"Reform\u00e1tus istentiszteletek templomunkban"},"content":{"rendered":"\n<p>T\u00e1j\u00e9koztatjuk a h\u00edveket, hogy a <a href=\"http:\/\/szabadsagtelepiref.hu\/\" target=\"_blank\" rel=\"noreferrer noopener\">Szabads\u00e1gtelepi Reform\u00e1tus Templomban<\/a> t\u00f6rt\u00e9nt sajn\u00e1latos <a rel=\"noreferrer noopener\" href=\"https:\/\/www.dehir.hu\/bulvar\/tuz-utott-ki-egy-debreceni-templomban\/2022\/11\/07\/\" target=\"_blank\">t\u0171zeset<\/a> miatt a k\u00f6vetkez\u0151 vas\u00e1rnapokon 10:45-t\u0151l templomunkban tartj\u00e1k istentiszteleti alkalmaikat. Fogadjuk \u0151ket testv\u00e9ri szeretettel, egy\u00fctt\u00e9rz\u00e9ssel.<\/p>\n","protected":false},"excerpt":{"rendered":"<p>T\u00e1j\u00e9koztatjuk a h\u00edveket, hogy a Szabads\u00e1gtelepi Reform\u00e1tus Templomban t\u00f6rt\u00e9nt sajn\u00e1latos t\u0171zeset miatt a k\u00f6vetkez\u0151 vas\u00e1rnapokon 10:45-t\u0151l templomunkban tartj\u00e1k istentiszteleti alkalmaikat. Fogadjuk \u0151ket testv\u00e9ri szeretettel, egy\u00fctt\u00e9rz\u00e9ssel.<\/p>\n","protected":false},"author":2,"featured_media":0,"comment_status":"closed","ping_status":"open","sticky":false,"template":"","format":"standard","meta":[],"categories":[1,9,2],"tags":[],"_links":{"self":[{"href":"https:\/\/szentistvan.dnyem.hu\/index.php?rest_route=\/wp\/v2\/posts\/4630"}],"collection":[{"href":"https:\/\/szentistvan.dnyem.hu\/index.php?rest_route=\/wp\/v2\/posts"}],"about":[{"href":"https:\/\/szentistvan.dnyem.hu\/index.php?rest_route=\/wp\/v2\/types\/post"}],"author":[{"embeddable":true,"href":"https:\/\/szentistvan.dnyem.hu\/index.php?rest_route=\/wp\/v2\/users\/2"}],"replies":[{"embeddable":true,"href":"https:\/\/szentistvan.dnyem.hu\/index.php?rest_route=%2Fwp%2Fv2%2Fcomments&post=4630"}],"version-history":[{"count":1,"href":"https:\/\/szentistvan.dnyem.hu\/index.php?rest_route=\/wp\/v2\/posts\/4630\/revisions"}],"predecessor-version":[{"id":4631,"href":"https:\/\/szentistvan.dnyem.hu\/index.php?rest_route=\/wp\/v2\/posts\/4630\/revisions\/4631"}],"wp:attachment":[{"href":"https:\/\/szentistvan.dnyem.hu\/index.php?rest_route=%2Fwp%2Fv2%2Fmedia&parent=4630"}],"wp:term":[{"taxonomy":"category","embeddable":true,"href":"https:\/\/szentistvan.dnyem.hu\/index.php?rest_route=%2Fwp%2Fv2%2Fcategories&post=4630"},{"taxonomy":"post_tag","embeddable":true,"href":"https:\/\/szentistvan.dnyem.hu\/index.php?rest_route=%2Fwp%2Fv2%2Ftags&post=4630"}],"curies":[{"name":"wp","href":"https:\/\/api.w.org\/{rel}","templated":true}]}}