{"id":4625,"date":"2022-11-08T20:27:41","date_gmt":"2022-11-08T18:27:41","guid":{"rendered":"https:\/\/szentistvan.dnyem.hu\/?p=4625"},"modified":"2022-11-08T20:27:41","modified_gmt":"2022-11-08T18:27:41","slug":"a-megigert-jovo","status":"publish","type":"post","link":"https:\/\/szentistvan.dnyem.hu\/?p=4625","title":{"rendered":"A meg\u00edg\u00e9rt j\u00f6v\u0151"},"content":{"rendered":"\n<p>Nem minden rem\u00e9nyre igaz az, amit Szent P\u00e1l mond a mai Szentleck\u00e9ben, a mi f\u00f6ldi rem\u00e9nyked\u00e9seink p\u00e9ld\u00e1ul igenis sorra sz\u00e9gyenben hagynak, s ilyenkor annak rendje \u00e9s m\u00f3dja szerint el is kesered\u00fcnk. De az a rem\u00e9ny is megcsal, amely ugyan Istenre hivatkozik, de nem v\u00e1lik \u00e9let\u00fcnk kis \u00e9s nagy d\u00f6nt\u00e9seinek mozgat\u00f3j\u00e1v\u00e1. Ez a hamis rem\u00e9nyked\u00e9s, mely nem t\u00f6bb ideol\u00f3gi\u00e1n\u00e1l, tal\u00e1n annyit sem \u00e9r, mint a becs\u00fcletesen bevallott rem\u00e9nytelens\u00e9g. Ez\u00e9rt is m\u00e9lys\u00e9gesen ki\u00e1br\u00e1nd\u00edt\u00f3ak azok a temet\u00e9sek, ahol a gy\u00e1szol\u00f3k \u00fagy \u00e1llj\u00e1k k\u00f6r\u00fcl a kopors\u00f3t, hogy k\u00f6zben mindent megtesznek, nehogy szembe kelljen n\u00e9zni\u00fck saj\u00e1t elm\u00fal\u00e1sukkal, s azzal, hogy mi lesz azut\u00e1n. Hallgatj\u00e1k a pap szav\u00e1t, tal\u00e1n mozog a sz\u00e1juk, mintha im\u00e1dkozn\u00e1nak, de cs\u00fcggedtek \u00e9s rem\u00e9nyvesztettek, mert val\u00f3j\u00e1ban t\u00f6bbre tartj\u00e1k a hal\u00e1l hatalm\u00e1t Isten hatalm\u00e1n\u00e1l. Az ilyenek val\u00f3ban \u201eszerencs\u00e9tlenebbek minden embern\u00e9l\u201d.<\/p>\n\n\n\n<p>Csak az a rem\u00e9ny nem engedi, hogy megsz\u00e9gyen\u00fclj\u00fcnk, mellyel az \u00e9l\u0151 Istenbe kapaszkodunk, s mellyel azt v\u00e1rjuk, amit Szentlelk\u00e9vel m\u00e1r v\u00e9gbevitt a mi Urunk, J\u00e9zus Krisztuson, felt\u00e1masztva \u0151t a hal\u00e1lb\u00f3l. Ezt a Lelket ugyanis a mi sz\u00edv\u00fcnkbe is ki\u00e1rasztotta, s megkezdte benn\u00fcnk a felt\u00e1maszt\u00e1s m\u0171v\u00e9t azzal, hogy szem\u00e9ly\u00fcnk k\u00f6z\u00e9ppontj\u00e1t olyan \u00e9letszintre emelte, ahol a hal\u00e1l egy pillanatig sem uralkodhat rajta. Ha teh\u00e1t \u00e9l\u0151 benn\u00fcnk ez a rem\u00e9nys\u00e9g, ha azt az Istent valljuk Urunknak, aki az\u00e9rt k\u00fcldte J\u00e9zus Krisztust, hogy senkit el ne vesz\u00edtsen k\u00f6z\u00fcl\u00fcnk, hanem felt\u00e1masszon az utols\u00f3 napon, akkor ez meg is l\u00e1tszik mindennapjainkon, teend\u0151ink v\u00e9gz\u00e9s\u00e9n \u00e9s a neh\u00e9zs\u00e9gek, megpr\u00f3b\u00e1ltat\u00e1sok idej\u00e9n tan\u00fas\u00edtott viselked\u00e9s\u00fcnk\u00f6n.<\/p>\n\n\n\n<p><strong>Urunk, J\u00e9zus Krisztus, Els\u0151sz\u00fcl\u00f6tt a halottak k\u00f6z\u00fcl! J\u00e1rd \u00e1t Szentlelkeddel s\u00e1padt \u00e9s er\u0151tlen rem\u00e9ny\u00fcnket, hogy igazi, \u00e9l\u0151, a halottakat felt\u00e1maszt\u00f3 Istenbe vetett rem\u00e9nys\u00e9gg\u00e9, \u00e9let\u00fcnket form\u00e1l\u00f3 er\u0151v\u00e9 v\u00e1lj\u00e9k. Alak\u00edtsd ki benn\u00fcnk kegyelmeddel a V\u0151leg\u00e9ny \u00e9rkez\u00e9s\u00e9re v\u00e1rakoz\u00f3 jegyes lelk\u00fclet\u00e9t, aki nem erre a f\u00f6ldi \u00e9letre rendezkedett be, \u00e1m felk\u00e9sz\u00fclt a v\u00e1rakoz\u00e1s hossz\u00fa \u00f3r\u00e1ira; aki \u00fagy van itthon e f\u00f6ld\u00f6n, hogy egy percre sem feledkezik meg az \u00f6r\u00f6k hajl\u00e9kr\u00f3l, melyet Te k\u00e9sz\u00edtesz sz\u00e1m\u00e1ra a mennyben.<\/strong><\/p>\n\n\n\n<p>Bars Bal\u00e1zs O. F. M<\/p>\n\n\n\n<p>(forr\u00e1s: <a href=\"https:\/\/kattima.hu\/hu\/app\/pray\/magassag-es-melyseg-halottak-napja-56945\" target=\"_blank\" rel=\"noreferrer noopener\">https:\/\/kattima.hu\/hu\/app\/pray\/magassag-es-melyseg-halottak-napja-56945<\/a>)<\/p>\n","protected":false},"excerpt":{"rendered":"<p>Nem minden rem\u00e9nyre igaz az, amit Szent P\u00e1l mond a mai Szentleck\u00e9ben, a mi f\u00f6ldi rem\u00e9nyked\u00e9seink p\u00e9ld\u00e1ul igenis sorra sz\u00e9gyenben hagynak, s ilyenkor annak rendje&#8230;<\/p>\n","protected":false},"author":2,"featured_media":0,"comment_status":"closed","ping_status":"open","sticky":false,"template":"","format":"standard","meta":[],"categories":[1,11,9],"tags":[],"_links":{"self":[{"href":"https:\/\/szentistvan.dnyem.hu\/index.php?rest_route=\/wp\/v2\/posts\/4625"}],"collection":[{"href":"https:\/\/szentistvan.dnyem.hu\/index.php?rest_route=\/wp\/v2\/posts"}],"about":[{"href":"https:\/\/szentistvan.dnyem.hu\/index.php?rest_route=\/wp\/v2\/types\/post"}],"author":[{"embeddable":true,"href":"https:\/\/szentistvan.dnyem.hu\/index.php?rest_route=\/wp\/v2\/users\/2"}],"replies":[{"embeddable":true,"href":"https:\/\/szentistvan.dnyem.hu\/index.php?rest_route=%2Fwp%2Fv2%2Fcomments&post=4625"}],"version-history":[{"count":1,"href":"https:\/\/szentistvan.dnyem.hu\/index.php?rest_route=\/wp\/v2\/posts\/4625\/revisions"}],"predecessor-version":[{"id":4626,"href":"https:\/\/szentistvan.dnyem.hu\/index.php?rest_route=\/wp\/v2\/posts\/4625\/revisions\/4626"}],"wp:attachment":[{"href":"https:\/\/szentistvan.dnyem.hu\/index.php?rest_route=%2Fwp%2Fv2%2Fmedia&parent=4625"}],"wp:term":[{"taxonomy":"category","embeddable":true,"href":"https:\/\/szentistvan.dnyem.hu\/index.php?rest_route=%2Fwp%2Fv2%2Fcategories&post=4625"},{"taxonomy":"post_tag","embeddable":true,"href":"https:\/\/szentistvan.dnyem.hu\/index.php?rest_route=%2Fwp%2Fv2%2Ftags&post=4625"}],"curies":[{"name":"wp","href":"https:\/\/api.w.org\/{rel}","templated":true}]}}